{"id":937,"date":"2024-04-09T20:54:22","date_gmt":"2024-04-09T18:54:22","guid":{"rendered":"https:\/\/photovideoclubmayet72.com\/?p=937"},"modified":"2024-05-14T12:25:50","modified_gmt":"2024-05-14T10:25:50","slug":"challengeur-06-defi-04-automobile-et-compagnie-couleur-2024-classement-photos","status":"publish","type":"post","link":"https:\/\/photovideoclubmayet72.com\/index.php\/2024\/04\/09\/challengeur-06-defi-04-automobile-et-compagnie-couleur-2024-classement-photos\/","title":{"rendered":"ChallengeUR 06 &#8211; D\u00e9fi 04 &#8211; Automobile et compagnie (Couleur) &#8211; 2024 &#8211; Classement photos"},"content":{"rendered":"\n<p><strong>R\u00e9sultat du Photo Vid\u00e9o Club Georges M\u00e9li\u00e8s de Mayet.<\/strong><\/p>\n\n\n<h5><b>Date de comp\u00e9tition<\/b>: 02\/04\/2024<br \/><b>Date de r\u00e9sultats<\/b>:\u00a0 \u00a0 \u00a0 08\/04\/2024<\/h5>\n<p>Suivre ce lien pour voir l\u2019ensemble des photos :<\/p>\n<p><span style=\"color: #ff6600;\"><a style=\"color: #ff6600;\" href=\"https:\/\/copain.federation-photo.fr\/webroot\/competitions\/classement_ur\/photos\/3408\">https:\/\/copain.federation-photo.fr\/webroot\/competitions\/classement_ur\/photos\/3408<\/a><\/span><\/p>\n<p><span style=\"text-decoration: underline;\">Classement auteurs<\/span><\/p>\n\n\n<figure class=\"wp-block-image size-large\"><img decoding=\"async\" src=\"https:\/\/copain.federation-photo.fr\/webroot\/upload\/competitions\/regional\/2024\/UR06\/compet13\/thumbs\/061299004601.jpg\" alt=\"\"\/><\/figure>\n\n\n\n<pre class=\"wp-block-preformatted\">Contraste de GRIGNON Lo\u00efc - 34\u00e8me avec 43 points<\/pre>\n\n\n\n<figure class=\"wp-block-image size-large\"><img decoding=\"async\" src=\"https:\/\/copain.federation-photo.fr\/webroot\/upload\/competitions\/regional\/2024\/UR06\/compet13\/thumbs\/061299005901.jpg\" alt=\"\"\/><\/figure>\n\n\n\n<pre class=\"wp-block-preformatted\">\u00c7a roule encore ! - de DEVAUX Nadine - 49\u00e8me avec 39 points<\/pre>\n\n\n\n<hr class=\"wp-block-separator has-alpha-channel-opacity\"\/>\n","protected":false},"excerpt":{"rendered":"<p>R\u00e9sultat du Photo Vid\u00e9o Club Georges M\u00e9li\u00e8s de Mayet. Date de comp\u00e9tition: 02\/04\/2024Date de r\u00e9sultats:\u00a0 \u00a0 \u00a0 08\/04\/2024 Suivre ce lien pour voir l\u2019ensemble des photos : https:\/\/copain.federation-photo.fr\/webroot\/competitions\/classement_ur\/photos\/3408 Classement auteurs Contraste de GRIGNON Lo\u00efc &#8211; 34\u00e8me avec 43 points \u00c7a roule encore ! &#8211; de DEVAUX Nadine &#8211; 49\u00e8me avec 39 points<\/p>\n","protected":false},"author":1,"featured_media":0,"comment_status":"closed","ping_status":"open","sticky":false,"template":"","format":"standard","meta":{"footnotes":""},"categories":[7],"tags":[],"class_list":["post-937","post","type-post","status-publish","format-standard","hentry","category-resultats-concours"],"_links":{"self":[{"href":"https:\/\/photovideoclubmayet72.com\/index.php\/wp-json\/wp\/v2\/posts\/937","targetHints":{"allow":["GET"]}}],"collection":[{"href":"https:\/\/photovideoclubmayet72.com\/index.php\/wp-json\/wp\/v2\/posts"}],"about":[{"href":"https:\/\/photovideoclubmayet72.com\/index.php\/wp-json\/wp\/v2\/types\/post"}],"author":[{"embeddable":true,"href":"https:\/\/photovideoclubmayet72.com\/index.php\/wp-json\/wp\/v2\/users\/1"}],"replies":[{"embeddable":true,"href":"https:\/\/photovideoclubmayet72.com\/index.php\/wp-json\/wp\/v2\/comments?post=937"}],"version-history":[{"count":2,"href":"https:\/\/photovideoclubmayet72.com\/index.php\/wp-json\/wp\/v2\/posts\/937\/revisions"}],"predecessor-version":[{"id":939,"href":"https:\/\/photovideoclubmayet72.com\/index.php\/wp-json\/wp\/v2\/posts\/937\/revisions\/939"}],"wp:attachment":[{"href":"https:\/\/photovideoclubmayet72.com\/index.php\/wp-json\/wp\/v2\/media?parent=937"}],"wp:term":[{"taxonomy":"category","embeddable":true,"href":"https:\/\/photovideoclubmayet72.com\/index.php\/wp-json\/wp\/v2\/categories?post=937"},{"taxonomy":"post_tag","embeddable":true,"href":"https:\/\/photovideoclubmayet72.com\/index.php\/wp-json\/wp\/v2\/tags?post=937"}],"curies":[{"name":"wp","href":"https:\/\/api.w.org\/{rel}","templated":true}]}}