{"id":903,"date":"2020-09-17T21:10:00","date_gmt":"2020-09-17T19:10:00","guid":{"rendered":"https:\/\/photovideoclubmayet72.com\/?p=903"},"modified":"2024-04-19T10:58:14","modified_gmt":"2024-04-19T08:58:14","slug":"reprise-des-ateliers-mercredi-16-et-samedi-19-septembre-2020","status":"publish","type":"post","link":"https:\/\/photovideoclubmayet72.com\/index.php\/2020\/09\/17\/reprise-des-ateliers-mercredi-16-et-samedi-19-septembre-2020\/","title":{"rendered":"Reprise des ateliers mercredi 16 et samedi 19 septembre &#8211; 2020"},"content":{"rendered":"<div class=\"wp-block-image\">\n<figure class=\"aligncenter size-large is-resized\"><img decoding=\"async\" src=\"https:\/\/image.over-blog.com\/CqxOuNOLqbAwjKt2jCyqdlhKkS4=\/filters:no_upscale()\/image%2F3097761%2F20200917%2Fob_4c135d_flash-9-45x4-51-2-copie-2.jpg\" alt=\"\" style=\"width:544px;height:auto\"\/><\/figure>\n<\/div>\n\n<div class=\"ob-section ob-section-html \">\n<p>Cher-e-s adh\u00e9rent-e-s,<\/p>\n<p>Nous vous informons sans retard que nous sommes convenus de reprendre\u00a0<b>nos ateliers le mercredi 16 septembre \u00e0 20h30 et le samedi 19 septembre \u00e0 14h30.<\/b><\/p>\n<p>Nous proc\u00e9derons \u00e0 une a\u00e9ration des locaux, le port du masque sera obligatoire et du gel hydroalcoolique sera \u00e0 votre disposition.<\/p>\n<p>Vous recevrez \u00e9galement la convocation officielle de notre\u00a0<b>assembl\u00e9e g\u00e9n\u00e9rale annuelle confirm\u00e9e pour le vendredi 25 septembre \u00e0 20h30 \u00e0 la salle des f\u00eates de Mayet.<\/b><\/p>\n<p>A tr\u00e8s bient\u00f4t donc.<\/p>\n<p>Tr\u00e8s cordialement<\/p>\n<p>Marc Blach\u00e8re<\/p>\n<\/div>\n<div class=\"ob-section ob-section-html \">\n<div class=\"t pg-1m0 pg-1x2 pg-1h3 pg-1y6 pg-1ff1 pg-1fs1 pg-1fc0 pg-1sc0 pg-1ls0 pg-1ws0\">\u00a0Relance de la vie du club. La situation sanitaire et les r\u00e8gles qu\u2019elle impose ont profond\u00e9ment affect\u00e9 l\u2019activit\u00e9 du club comme toute la vie associative. Il est convenu de reprendre nos ateliers \u00e0\u00a0compter du mercredi 16 septembre \u00e0 20h30 et du samedi 19 \u00e0 14h30.<\/p>\n<p>Cette reprise se fera avec un\u00a0respect stricte des r\u00e8gles d\u00e9finies par les pouvoirs publics. La salle de r\u00e9union sera largement a\u00e9r\u00e9e avant les rendez-vous, pendant si n\u00e9cessaire et \u00e0 leur issue. Port du masque obligatoire et mise \u00e0 disposition de gel hydroalcoolique. D\u00e9sinfection des poign\u00e9es de portes, interrupteurs et mat\u00e9riels.<\/p>\n<p>Au-del\u00e0 de ces dispositions contextuelles, l\u2019animation du club mettra \u00e0 profit les challenges bimestriels propos\u00e9s par l\u2019UR06. Le premier th\u00e8me propos\u00e9 est \u00ab l\u2019humain au travail \u00bb. Chacun, chacune est donc invit\u00e9-e \u00e0 faire et \u00e0 apporter des photos sur ce th\u00e8me d\u00e8s nos premiers ateliers de la mi-septembre.<\/p>\n<p>Nous avons en outre \u00e0 pr\u00e9parer d\u2019ici la mi-d\u00e9cembre deux s\u00e9lections collectives pour participer aux concours National 1 papier couleur et National 1 papier nature pour lesquels le club a \u00e9t\u00e9 s\u00e9lectionn\u00e9.<\/p>\n<p>L<strong>\u2019AG du 25 \/09\u00a0<\/strong>doit \u00eatre mise \u00e0 profit pour se fixer des objectifs d\u2019ateliers pratiques avec sorties et des animations tutoriels.<\/p>\n<\/div>\n<\/div>\n\n\n<hr class=\"wp-block-separator has-alpha-channel-opacity\"\/>\n\n\n\n<ul class=\"wp-block-list\">\n<li><\/li>\n<\/ul>\n","protected":false},"excerpt":{"rendered":"<p>Cher-e-s adh\u00e9rent-e-s, Nous vous informons sans retard que nous sommes convenus de reprendre\u00a0nos ateliers le mercredi 16 septembre \u00e0 20h30 et le samedi 19 septembre \u00e0 14h30. Nous proc\u00e9derons \u00e0 une a\u00e9ration des locaux, le port du masque sera obligatoire et du gel hydroalcoolique sera \u00e0 votre disposition. Vous recevrez \u00e9galement la convocation officielle de &hellip; <\/p>\n<p class=\"link-more\"><a href=\"https:\/\/photovideoclubmayet72.com\/index.php\/2020\/09\/17\/reprise-des-ateliers-mercredi-16-et-samedi-19-septembre-2020\/\" class=\"more-link\">Continuer la lecture<span class=\"screen-reader-text\"> de &laquo;&nbsp;Reprise des ateliers mercredi 16 et samedi 19 septembre &#8211; 2020&nbsp;&raquo;<\/span><\/a><\/p>\n","protected":false},"author":1,"featured_media":0,"comment_status":"closed","ping_status":"open","sticky":false,"template":"","format":"standard","meta":{"footnotes":""},"categories":[2],"tags":[],"class_list":["post-903","post","type-post","status-publish","format-standard","hentry","category-activites-du-photo-video-club-de-mayet"],"_links":{"self":[{"href":"https:\/\/photovideoclubmayet72.com\/index.php\/wp-json\/wp\/v2\/posts\/903","targetHints":{"allow":["GET"]}}],"collection":[{"href":"https:\/\/photovideoclubmayet72.com\/index.php\/wp-json\/wp\/v2\/posts"}],"about":[{"href":"https:\/\/photovideoclubmayet72.com\/index.php\/wp-json\/wp\/v2\/types\/post"}],"author":[{"embeddable":true,"href":"https:\/\/photovideoclubmayet72.com\/index.php\/wp-json\/wp\/v2\/users\/1"}],"replies":[{"embeddable":true,"href":"https:\/\/photovideoclubmayet72.com\/index.php\/wp-json\/wp\/v2\/comments?post=903"}],"version-history":[{"count":3,"href":"https:\/\/photovideoclubmayet72.com\/index.php\/wp-json\/wp\/v2\/posts\/903\/revisions"}],"predecessor-version":[{"id":1024,"href":"https:\/\/photovideoclubmayet72.com\/index.php\/wp-json\/wp\/v2\/posts\/903\/revisions\/1024"}],"wp:attachment":[{"href":"https:\/\/photovideoclubmayet72.com\/index.php\/wp-json\/wp\/v2\/media?parent=903"}],"wp:term":[{"taxonomy":"category","embeddable":true,"href":"https:\/\/photovideoclubmayet72.com\/index.php\/wp-json\/wp\/v2\/categories?post=903"},{"taxonomy":"post_tag","embeddable":true,"href":"https:\/\/photovideoclubmayet72.com\/index.php\/wp-json\/wp\/v2\/tags?post=903"}],"curies":[{"name":"wp","href":"https:\/\/api.w.org\/{rel}","templated":true}]}}