{"id":892,"date":"2020-03-17T21:00:00","date_gmt":"2020-03-17T20:00:00","guid":{"rendered":"https:\/\/photovideoclubmayet72.com\/?p=892"},"modified":"2024-04-14T23:04:58","modified_gmt":"2024-04-14T21:04:58","slug":"19e-salon-international-de-la-photographie-de-mayet-2020","status":"publish","type":"post","link":"https:\/\/photovideoclubmayet72.com\/index.php\/2020\/03\/17\/19e-salon-international-de-la-photographie-de-mayet-2020\/","title":{"rendered":"19\u1d49 SALON INTERNATIONAL DE LA PHOTOGRAPHIE DE MAYET &#8211; 2020"},"content":{"rendered":"<div class=\"wp-block-image\">\n<figure class=\"aligncenter size-large is-resized\"><img loading=\"lazy\" decoding=\"async\" width=\"724\" height=\"1024\" src=\"https:\/\/photovideoclubmayet72.com\/wp-content\/uploads\/2024\/03\/image-3-724x1024.png\" alt=\"\" class=\"wp-image-896\" style=\"width:565px;height:auto\" srcset=\"https:\/\/photovideoclubmayet72.com\/wp-content\/uploads\/2024\/03\/image-3-724x1024.png 724w, https:\/\/photovideoclubmayet72.com\/wp-content\/uploads\/2024\/03\/image-3-212x300.png 212w, https:\/\/photovideoclubmayet72.com\/wp-content\/uploads\/2024\/03\/image-3-768x1087.png 768w, https:\/\/photovideoclubmayet72.com\/wp-content\/uploads\/2024\/03\/image-3.png 1080w\" sizes=\"auto, (max-width: 724px) 100vw, 724px\" \/><\/figure>\n<\/div>\n\n<p>Bonjour \u00e0 toutes et \u00e0 tous,<\/p>\n<p>Notre vid\u00e9o \u00e9voquant notre salon 2020 sauv\u00e9 du confinement est d\u00e9sormais en ligne sur\u00a0 YouTube.<\/p>\n<p>Merci \u00e0 son artisan essentiel,\u00a0<strong>Francis Coulon.<\/strong><\/p>\n<p>J&rsquo;ai le plaisir de vous communiquer ci-dessous le lien permettant d&rsquo; y acc\u00e9der d&rsquo;un simple clic.<\/p>\n<p><strong>\u00ab\u00a0Le salon masqu\u00e9\u00a0\u00bb<\/strong>, suivre ce lien pour YouTube :<\/p>\n<p><span style=\"color: #ff6600;\"><a style=\"color: #ff6600;\" href=\"https:\/\/www.youtube.com\/watch?v=31sywo9dLF4\">https:\/\/www.youtube.com\/watch?v=31sywo9dLF4<\/a><\/span><\/p>\n<p>Cordialement,<\/p>\n<p>Marc<\/p>\n<h5 dir=\"ltr\" style=\"text-align: center;\">Dimanche 23 ao\u00fbt.\u00a0<\/h5>\n<div dir=\"ltr\">Bonsoir \u00e0 toutes et \u00e0 tous,<\/div>\n<div dir=\"ltr\">\u00a0<\/div>\n<div dir=\"ltr\">Voil\u00e0, notre 19e Salon a ferm\u00e9 ses portes ce dimanche vers 17h45 et,\u00a0<\/div>\n<div dir=\"ltr\">en \u00e0 peine trois tours d&rsquo;horloge, une fringante \u00e9quipe d&rsquo;adh\u00e9rent-e-s et<\/div>\n<div dir=\"ltr\">d&rsquo;amies a remis la salle des f\u00eates dans son \u00e9tat initial.<\/div>\n<div dir=\"ltr\">\u00a0<\/div>\n<div dir=\"ltr\">Au cours de ces neuf journ\u00e9es nous avons accueilli plus de 500<\/div>\n<div dir=\"ltr\">visiteurs. C&rsquo;est tout \u00e0 la fois modeste et tr\u00e8s appr\u00e9ciable au regard du<\/div>\n<div dir=\"ltr\">contexte (plein mois d&rsquo;ao\u00fbt et pr\u00e9occupations sanitaires aviv\u00e9es depuis<\/div>\n<div dir=\"ltr\">quelques jours). de tr\u00e8s nombreuses personnes nous ont d&rsquo;ailleurs<\/div>\n<div dir=\"ltr\">remerci\u00e9, voire f\u00e9licit\u00e9, d&rsquo;avoir organis\u00e9 cette manifestation<\/div>\n<div dir=\"ltr\">culturelle malgr\u00e9 tant d&rsquo;incertitudes.<\/div>\n<div dir=\"ltr\">\u00a0<\/div>\n<div dir=\"ltr\">La saison, le contexte nous ont valu la pr\u00e9sence de nouveaux visiteurs<\/div>\n<div dir=\"ltr\">et de quelques contacts tr\u00e8s int\u00e9ressants susceptibles de d\u00e9veloppements<\/div>\n<div dir=\"ltr\">tant pour l&rsquo;activit\u00e9 du club et que pour nos prochains salons. Nous en<\/div>\n<div dir=\"ltr\">reparlerons dans les prochaines semaines et lors de<strong>\u00a0notre AG annuelle<\/strong><\/div>\n<div dir=\"ltr\"><strong>pr\u00e9vue pour le vendredi 25 septembre<\/strong>. Afin de nous r\u00e9unir dans les<\/div>\n<div dir=\"ltr\">meilleurs conditions tout en respectant les \u00ab\u00a0mesures barri\u00e8res\u00a0\u00bb, la<\/div>\n<div dir=\"ltr\">commune a accept\u00e9 de mettre la salle des f\u00eates \u00e0 notre disposition pour<\/div>\n<div dir=\"ltr\">cette soir\u00e9e. je vous invit\u00e9 d&rsquo;ores et d\u00e9j\u00e0 \u00e0 la r\u00e9server.<\/div>\n<div dir=\"ltr\">\u00a0<\/div>\n<div dir=\"ltr\">A tr\u00e8s bient\u00f4t et merci encore \u00e0 toutes et tous ceux qui pr\u00e9sents en<\/div>\n<div dir=\"ltr\">Sarthe ces derni\u00e8res semaines n&rsquo;ont pas compt\u00e9 leur temps pour faire de<\/div>\n<div dir=\"ltr\">ce <strong>19<\/strong><strong><sup>e <\/sup><\/strong><span style=\"font-size: 1rem;\"><strong>salon<\/strong> un tr\u00e8s beau moment de partage.<\/span><\/div>\n<div dir=\"ltr\">\u00a0<\/div>\n<div dir=\"ltr\">Cordialement<\/div>\n<div dir=\"ltr\">\u00a0<\/div>\n<div dir=\"ltr\">Marc<\/div>\n<div dir=\"ltr\">\u00a0<\/div>\n<div dir=\"ltr\">\u00a0<\/div>\n<div class=\"ob-section ob-section-html \">\n<h5 style=\"text-align: center;\">Juillet 2020<\/h5>\n<p>Bonjour \u00e0 toutes et \u00e0 tous,<\/p>\n<p>Nous esp\u00e9rons vous retrouver en bonne sant\u00e9.<\/p>\n<p>Apr\u00e8s la longue interruption contrainte, la vie du club reprend peu \u00e0 peu.<\/p>\n<p>Nous venons de recevoir l&rsquo;accord des pouvoirs publics \u00e0 la tenue du\u00a0<b>19e Salon International de la Photographie du 14 au 23 ao\u00fbt.<\/b><\/p>\n<p>Des pr\u00e9cisions seront rapidement apport\u00e9es.<\/p>\n<p>Ce rendez-vous devrait constituer un excellent tremplin d&rsquo;envol pour la reprise de nos activit\u00e9s en septembre. Vous pouvez d&rsquo;ores et d\u00e9j\u00e0 noter que l&rsquo;assembl\u00e9e g\u00e9n\u00e9rale annuelle se tiendra le vendredi 25 septembre \u00e0 partir de 20h30.<\/p>\n<p>A tr\u00e8s bient\u00f4t<\/p>\n<p>Marc Blach\u00e8re<\/p>\n<\/div>\n<div class=\"ob-section ob-section-html \">\n<p>Soumis \u00e0 l\u2019avis des pouvoirs publics, le projet a re\u00e7u leur feu vert mardi 30 juin.<\/p>\n<p><strong>Montage \u00e0 partir du 10 ao\u00fbt, salon du 14 au 23 ao\u00fbt.<\/strong><\/p>\n<\/div>\n\n\n<hr class=\"wp-block-separator has-alpha-channel-opacity\"\/>\n\n\n<div class=\"wp-block-image\">\n<figure class=\"aligncenter size-large is-resized\"><img decoding=\"async\" src=\"https:\/\/img.over-blog-kiwi.com\/3\/09\/77\/61\/20191028\/ob_cfef6d_image-2020.jpg#width=1103&amp;height=810\" alt=\"\" style=\"width:610px;height:auto\"\/><\/figure>\n<\/div>\n\n<p>En raison de la crise sanitaire, le\u00a0<strong>19<sup>e <\/sup><\/strong><strong>salon International de la Photographie de Mayet<\/strong>\u00a0n&rsquo;a pu, cette ann\u00e9e, se tenir d\u00e9but mai.<\/p>\n<p><u><strong>Il aura lieu du 14 au 23 ao\u00fbt<\/strong><\/u>.<\/p>\n<p>Nous avons le plaisir de vous convier au vernissage de cette manifestation artistique,<\/p>\n<p><u><strong>le vendredi 14 ao\u00fbt \u00e0 partir de 18h30.<\/strong><\/u><\/p>\n<p>En esp\u00e9rant vous y rencontrer.<\/p>\n<p>Tr\u00e8s cordialement.<\/p>\n<p>Marc Blach\u00e8re<\/p>\n\n\n<hr class=\"wp-block-separator has-alpha-channel-opacity\"\/>\n\n\n<div class=\"ob-section ob-section-html \">\n<h5 class=\"post-title title\">Palmar\u00e8s 2020 du concours International de la Photographie de Mayet<\/h5>\n<\/div>\n\n\n<figure class=\"wp-block-image size-large is-resized\"><img decoding=\"async\" src=\"https:\/\/img.over-blog-kiwi.com\/3\/09\/77\/61\/20200304\/ob_36acde_sans-titre-1-copie-5.jpg#width=1600&amp;height=1090\" alt=\"\" style=\"width:587px;height:auto\"\/><\/figure>\n\n\n<p align=\"center\"><b><u>Palmar\u00e8s Couleur 2020<\/u><\/b><\/p>\n<p align=\"center\"><b>M\u00e9daille d\u2019or FIAP (Gold medal)<\/b><\/p>\n<p align=\"center\">\u2022\u00a0<i>Christel VERILLOTTE S\u00e9duction France<\/i><\/p>\n<p align=\"center\"><b>M\u00e9daille d\u2019or FPF (Gold medal)<\/b><\/p>\n<p align=\"center\"><i>\u2022 Luc STALMANS After the kings battle Belgique<\/i><\/p>\n<p align=\"center\"><b>M\u00e9daille d\u2019argent FIAP (Silver medal)<\/b><\/p>\n<p align=\"center\">\u2022\u00a0<i>Bart MICHIELS Last man standing Belgique<\/i><\/p>\n<p align=\"center\"><b>M\u00e9daille d\u2019argent FPF (Silver medal)<\/b><\/p>\n<p align=\"center\">\u2022\u00a0<i>Angel SANCHEZ Lola PC 01 France<\/i><\/p>\n<p align=\"center\"><b>M\u00e9daille de bronze FIAP (Bronze medal)<\/b><\/p>\n<p align=\"center\">\u2022\u00a0<i>Pierre PEDELMAS Jean-Claude France<\/i><\/p>\n<p align=\"center\"><b>Troph\u00e9e FPF<\/b><\/p>\n<p align=\"center\"><i>\u2022 Alain FARRET Papillons France<\/i><\/p>\n<p align=\"center\"><b>M\u00e9daille ISF (medal)<\/b><\/p>\n<p align=\"center\">\u2022\u00a0<i>Andr\u00e9 BORDES Audrey 2 France<\/i><\/p>\n<p align=\"center\"><b>Dipl\u00f4mes ISF<\/b><\/p>\n<p align=\"center\">\u2022\u00a0<i>Serge DISSOUBRAY Composition fluo France<\/i><\/p>\n<p align=\"center\"><i>\u2022 Daniel CHERMETTE Le palier France<\/i><\/p>\n<p align=\"center\"><b>Mentions d\u2019honneur FIAP (Honourable mentions)<\/b><\/p>\n<p align=\"center\">\u2022\u00a0<i>Christian JAYET Roselyne au mus\u00e9e France<\/i><\/p>\n<p align=\"center\"><i>\u2022 Fr\u00e9d\u00e9ric TAILLER Pollution atomique France<\/i><\/p>\n<p align=\"center\"><i>\u2022 Jean-Christian MEYER Ecole de voile France<\/i><\/p>\n<p align=\"center\"><i>\u2022 Yoann DELAPLACE La petite fille de la plage France<\/i><\/p>\n<p align=\"center\"><i>\u2022 Angelo DI TOMMASO Renaissance 11 France<\/i><\/p>\n<p align=\"center\">\u2022\u00a0<i>Leonid GOLDIN Gipsy happiness Isra\u00ebl<\/i><\/p>\n<p align=\"center\"><b>Coup de c\u0153ur M. Claude INGRAIN,\u00a0<\/b>juge<\/p>\n<p align=\"center\"><i>\u2022 Yoann DELAPLACE La petite fille de la plage France<\/i><\/p>\n<p align=\"center\"><b>Coup de c\u0153ur M. Jos\u00e9 Manuel PIRES-DIAZ,\u00a0<\/b>juge<\/p>\n<p align=\"center\"><i>\u2022 Luc STALMANS Ma jolie fran\u00e7aise Belgique<\/i><\/p>\n<p align=\"center\"><b>Coup de c\u0153ur Mme Brigitte RONDEL,\u00a0<\/b>juge<\/p>\n<p align=\"center\"><i>\u2022 Christel VERILLOTTE R\u00e9v\u00e9rence France<\/i><\/p>\n\n\n<figure class=\"wp-block-image size-large\"><img decoding=\"async\" src=\"https:\/\/img.over-blog-kiwi.com\/3\/09\/77\/61\/20200317\/ob_b88cb3_palmares-couleur-1.jpg\" alt=\"\"\/><\/figure>\n\n\n\n<figure class=\"wp-block-image size-large\"><img decoding=\"async\" src=\"https:\/\/img.over-blog-kiwi.com\/3\/09\/77\/61\/20200317\/ob_9a426a_palmares-couleur-2-copie-copie.jpg\" alt=\"\"\/><\/figure>\n\n\n\n<figure class=\"wp-block-image size-large\"><img decoding=\"async\" src=\"https:\/\/img.over-blog-kiwi.com\/3\/09\/77\/61\/20200317\/ob_bf9b96_3palmares-couleur-copie.jpg\" alt=\"\"\/><\/figure>\n\n\n\n<p class=\"has-text-align-center\"><strong><span style=\"text-decoration: underline;\">Palmar\u00e8s Monochrome 2020<\/span><\/strong><\/p>\n\n\n\n<p class=\"has-text-align-center\"><strong>M\u00e9daille d\u2019or FIAP (Gold medal)<\/strong><\/p>\n\n\n\n<p class=\"has-text-align-center\">\u2022 Jean-Claude BERTIN Buraliste de Ja\u00efpur France<\/p>\n\n\n\n<p class=\"has-text-align-center\"><strong>M\u00e9daille d\u2019or FPF (Gold medal)<\/strong><\/p>\n\n\n\n<p class=\"has-text-align-center\">\u2022 Dominique BREUILLET Attitude France<\/p>\n\n\n\n<p class=\"has-text-align-center\"><strong>M\u00e9daille d\u2019argent FIAP (Silver medal)<\/strong><\/p>\n\n\n\n<p class=\"has-text-align-center\">\u2022 Christel VERILLOTTE Comme dans un r\u00eave France<\/p>\n\n\n\n<p class=\"has-text-align-center\"><strong>M\u00e9daille d\u2019argent FPF (Silver medal)<\/strong><\/p>\n\n\n\n<p class=\"has-text-align-center\">\u2022 Alain JEANNE \u00c7a monte France<\/p>\n\n\n\n<p class=\"has-text-align-center\"><strong>M\u00e9daille de bronze FIAP (Bronze medal)<\/strong><\/p>\n\n\n\n<p class=\"has-text-align-center\">\u2022 Michel LE GAC Sur un rocher perch\u00e9 France<\/p>\n\n\n\n<p class=\"has-text-align-center\"><strong>Troph\u00e9e FPF<\/strong><\/p>\n\n\n\n<p class=\"has-text-align-center\">\u2022 Pierre BACQUEY Grass Track France<\/p>\n\n\n\n<p class=\"has-text-align-center\"><strong>M\u00e9daille ISF (medal)<\/strong><\/p>\n\n\n\n<p class=\"has-text-align-center\">\u2022 Alain FARRET R\u00eaveuse France<\/p>\n\n\n\n<p class=\"has-text-align-center\"><strong>Dipl\u00f4mes ISF<\/strong><\/p>\n\n\n\n<p class=\"has-text-align-center\">\u2022 Luc STALMANS Jeanne after the victory Belgique<\/p>\n\n\n\n<p class=\"has-text-align-center\">\u2022 Yoann DELAPLACE Droit devant France<\/p>\n\n\n\n<p class=\"has-text-align-center\"><strong>Mentions d\u2019honneur FIAP (Honourable mentions)<\/strong><\/p>\n\n\n\n<p class=\"has-text-align-center\">\u2022 Serge DISSOUBRAY Monnaie de Pape France<\/p>\n\n\n\n<p class=\"has-text-align-center\">\u2022 Francesco SICARI Simon N\u00b04 France<\/p>\n\n\n\n<p class=\"has-text-align-center\">\u2022 Nicole GABRIEL Lorient France<\/p>\n\n\n\n<p class=\"has-text-align-center\">\u2022 Christian JAYET Nuclear France<\/p>\n\n\n\n<p class=\"has-text-align-center\">\u2022 Marc SOURY Le passage France<\/p>\n\n\n\n<p class=\"has-text-align-center\">\u2022 Pierre ETIENNE Le Parrain France<\/p>\n\n\n\n<p class=\"has-text-align-center\">Coup de c\u0153ur Mme Armelle ABSOLU, juge<\/p>\n\n\n\n<p class=\"has-text-align-center\">\u2022 Francesco SICARI Le coeur N\u00b02 France<\/p>\n\n\n\n<p class=\"has-text-align-center\">Coup de c\u0153ur M. G\u00e9rard BARBIER, juge<\/p>\n\n\n\n<p class=\"has-text-align-center\">\u2022 Pierre BACQUEY Grass Track France<\/p>\n\n\n\n<p class=\"has-text-align-center\">Coup de c\u0153ur M. Guy BOUQUIER, juge<\/p>\n\n\n\n<p class=\"has-text-align-center\">\u2022 Yoann DELAPLACE Jeux d\u2019enfants France<\/p>\n\n\n\n<p class=\"has-text-align-center\"><strong>MEILLEURS AUTEURS FIAP (BEST AUTHOR) EX AEQUO<\/strong><\/p>\n\n\n\n<p class=\"has-text-align-center\">\u2022 Christel VERILLOTTE France<\/p>\n\n\n\n<p class=\"has-text-align-center\">\u2022 Luc STALMANS Belgique<\/p>\n\n\n\n<p class=\"has-text-align-center\">4 \u00abmonochrome\u00bb sur 4 et 4 \u00abcouleur\u00bb sur 4 s\u00e9lectionn\u00e9es avec le plus fort total de points sur l\u2019ensemble des 8 photos.<\/p>\n\n\n\n<figure class=\"wp-block-image size-large is-resized\"><img decoding=\"async\" src=\"https:\/\/img.over-blog-kiwi.com\/3\/09\/77\/61\/20200317\/ob_1acee3_1-palmares-monochrome-copie.jpg\" alt=\"\" style=\"width:674px;height:auto\"\/><\/figure>\n\n\n\n<figure class=\"wp-block-image size-large\"><img decoding=\"async\" src=\"https:\/\/img.over-blog-kiwi.com\/3\/09\/77\/61\/20200317\/ob_72ee4b_2-palmares-monochrome-copie.jpg\" alt=\"\"\/><\/figure>\n\n\n\n<figure class=\"wp-block-image size-large\"><img decoding=\"async\" src=\"https:\/\/img.over-blog-kiwi.com\/3\/09\/77\/61\/20200317\/ob_9986c1_3-palmares-monochrome.jpg\" alt=\"\"\/><\/figure>\n\n\n\n<figure class=\"wp-block-image size-large is-resized\"><img decoding=\"async\" src=\"https:\/\/img.over-blog-kiwi.com\/3\/09\/77\/61\/20200304\/ob_861dce_2.jpg#width=732&amp;height=646\" alt=\"\" style=\"width:595px;height:auto\"\/><\/figure>\n\n\n\n<hr class=\"wp-block-separator has-alpha-channel-opacity\"\/>\n\n\n<div class=\"wp-block-image\">\n<figure class=\"aligncenter size-large is-resized\"><img decoding=\"async\" src=\"https:\/\/img.over-blog-kiwi.com\/3\/09\/77\/61\/20200208\/ob_b5e66a_nadine-dvx-blog-copie-3.jpg#width=596&amp;height=356\" alt=\"\" style=\"width:342px;height:auto\"\/><\/figure>\n<\/div>\n\n<h5 style=\"text-align: center;\">L&rsquo;heure est venue de juger le travail des photographes, la concentration des juges sur l&rsquo;image.<\/h5>\n\n<div class=\"wp-block-image\">\n<figure class=\"aligncenter size-large is-resized\"><img decoding=\"async\" src=\"https:\/\/img.over-blog-kiwi.com\/3\/09\/77\/61\/20200302\/ob_4f77ec_dde-5142.jpg\" alt=\"\" style=\"width:597px;height:auto\"\/><\/figure>\n<\/div>\n\n<div class=\"wp-block-image\">\n<figure class=\"aligncenter size-large is-resized\"><img decoding=\"async\" src=\"https:\/\/img.over-blog-kiwi.com\/3\/09\/77\/61\/20200302\/ob_4b56a0_dde-5133.jpg\" alt=\"\" style=\"width:598px;height:auto\"\/><\/figure>\n<\/div>\n\n<div class=\"wp-block-image\">\n<figure class=\"aligncenter size-large is-resized\"><img decoding=\"async\" src=\"https:\/\/img.over-blog-kiwi.com\/3\/09\/77\/61\/20200302\/ob_3a3a9e_dde-5135.jpg\" alt=\"\" style=\"width:599px;height:auto\"\/><\/figure>\n<\/div>\n\n<div class=\"wp-block-image\">\n<figure class=\"aligncenter size-large is-resized\"><img decoding=\"async\" src=\"https:\/\/img.over-blog-kiwi.com\/3\/09\/77\/61\/20200302\/ob_d27bd5_dde-5137.jpg\" alt=\"\" style=\"width:600px;height:auto\"\/><\/figure>\n<\/div>\n\n<div class=\"wp-block-image\">\n<figure class=\"aligncenter size-large is-resized\"><img decoding=\"async\" src=\"https:\/\/img.over-blog-kiwi.com\/3\/09\/77\/61\/20200302\/ob_cbae75_dde-5138.jpg\" alt=\"\" style=\"width:599px;height:auto\"\/><\/figure>\n<\/div>\n\n<div class=\"wp-block-image\">\n<figure class=\"aligncenter size-large is-resized\"><img decoding=\"async\" src=\"https:\/\/img.over-blog-kiwi.com\/3\/09\/77\/61\/20200302\/ob_ceb318_dde-5140.jpg\" alt=\"\" style=\"width:598px;height:auto\"\/><\/figure>\n<\/div>\n\n<div class=\"wp-block-image\">\n<figure class=\"aligncenter size-large is-resized\"><img decoding=\"async\" src=\"https:\/\/img.over-blog-kiwi.com\/3\/09\/77\/61\/20200302\/ob_cba564_dsc6119.JPG\" alt=\"\" style=\"width:598px;height:auto\"\/><\/figure>\n<\/div>\n\n<div class=\"wp-block-image\">\n<figure class=\"aligncenter size-large is-resized\"><img decoding=\"async\" src=\"https:\/\/img.over-blog-kiwi.com\/3\/09\/77\/61\/20200302\/ob_1883f1_dde-5144.jpg\" alt=\"\" style=\"width:597px;height:auto\"\/><\/figure>\n<\/div>\n\n<h5 style=\"text-align: center;\">Le jugement est clos, les notes sont relev\u00e9es, et les meilleures photos sont sorties du lot.<\/h5>\n\n<div class=\"wp-block-image\">\n<figure class=\"aligncenter size-large is-resized\"><img decoding=\"async\" src=\"https:\/\/img.over-blog-kiwi.com\/3\/09\/77\/61\/20200302\/ob_22be03_dsc6174.JPG\" alt=\"\" style=\"width:605px;height:auto\"\/><\/figure>\n<\/div>\n\n<div class=\"wp-block-image\">\n<figure class=\"aligncenter size-large is-resized\"><img decoding=\"async\" src=\"https:\/\/img.over-blog-kiwi.com\/3\/09\/77\/61\/20200302\/ob_2ffe8e_dde-5166.jpg\" alt=\"\" style=\"width:605px;height:auto\"\/><\/figure>\n<\/div>\n\n<div class=\"wp-block-image\">\n<figure class=\"aligncenter size-large is-resized\"><img decoding=\"async\" src=\"https:\/\/img.over-blog-kiwi.com\/3\/09\/77\/61\/20200302\/ob_5c8550_dsc6179.JPG\" alt=\"\" style=\"width:605px;height:auto\"\/><\/figure>\n<\/div>\n\n<div class=\"wp-block-image\">\n<figure class=\"aligncenter size-large is-resized\"><img decoding=\"async\" src=\"https:\/\/img.over-blog-kiwi.com\/3\/09\/77\/61\/20200302\/ob_cdf665_dsc6215.JPG\" alt=\"\" style=\"width:604px;height:auto\"\/><\/figure>\n<\/div>\n\n<div class=\"wp-block-image\">\n<figure class=\"aligncenter size-large is-resized\"><img decoding=\"async\" src=\"https:\/\/img.over-blog-kiwi.com\/3\/09\/77\/61\/20200302\/ob_a36bdf_dsc6213.JPG\" alt=\"\" style=\"width:605px;height:auto\"\/><\/figure>\n<\/div>\n\n<div class=\"wp-block-image\">\n<figure class=\"aligncenter size-large is-resized\"><img decoding=\"async\" src=\"https:\/\/img.over-blog-kiwi.com\/3\/09\/77\/61\/20200302\/ob_3799fc_dsc6217.JPG\" alt=\"\" style=\"width:607px;height:auto\"\/><\/figure>\n<\/div>\n\n<div class=\"wp-block-image\">\n<figure class=\"aligncenter size-large is-resized\"><img decoding=\"async\" src=\"https:\/\/img.over-blog-kiwi.com\/3\/09\/77\/61\/20200302\/ob_34ef7c_dde-5165.jpg\" alt=\"\" style=\"width:606px;height:auto\"\/><\/figure>\n<\/div>\n\n<div class=\"wp-block-image\">\n<figure class=\"aligncenter size-large is-resized\"><img decoding=\"async\" src=\"https:\/\/img.over-blog-kiwi.com\/3\/09\/77\/61\/20200302\/ob_494429_dsc6118.JPG\" alt=\"\" style=\"width:604px;height:auto\"\/><\/figure>\n<\/div>\n\n<div class=\"wp-block-image\">\n<figure class=\"aligncenter size-large is-resized\"><img decoding=\"async\" src=\"https:\/\/img.over-blog-kiwi.com\/3\/09\/77\/61\/20200302\/ob_bc0859_dsc6125.JPG\" alt=\"\" style=\"width:604px;height:auto\"\/><\/figure>\n<\/div>\n\n<div class=\"wp-block-image\">\n<figure class=\"aligncenter size-large is-resized\"><img decoding=\"async\" src=\"https:\/\/img.over-blog-kiwi.com\/3\/09\/77\/61\/20200302\/ob_3c021b_dsc6131.JPG\" alt=\"\" style=\"width:606px;height:auto\"\/><\/figure>\n<\/div>\n\n<div class=\"wp-block-image\">\n<figure class=\"aligncenter size-large is-resized\"><img decoding=\"async\" src=\"https:\/\/img.over-blog-kiwi.com\/3\/09\/77\/61\/20200302\/ob_fd8162_dsc6159.JPG\" alt=\"\" style=\"width:605px;height:auto\"\/><\/figure>\n<\/div>\n\n\n<hr class=\"wp-block-separator has-alpha-channel-opacity\"\/>\n\n\n<div class=\"wp-block-image\">\n<figure class=\"aligncenter size-large is-resized\"><img decoding=\"async\" src=\"https:\/\/img.over-blog-kiwi.com\/3\/09\/77\/61\/20200302\/ob_36750f_dsc6192.JPG#width=1600&amp;height=1065\" alt=\"\" style=\"width:608px;height:auto\"\/><\/figure>\n<\/div>\n\n\n<p class=\"has-text-align-left\">           <strong>Juges Monochrome :&nbsp;<\/strong> Armelle ABSOLU&nbsp;&#8211; G\u00e9rard BARBIER &#8211; Guy BOUQUIER<\/p>\n\n\n\n<p>           <strong>Juges couleur :<\/strong>  Claude INGRAIN  &#8211; Jos\u00e9-Manuel PIRES-DIAZ &#8211;  &nbsp; Brigitte RONDEL               <\/p>\n\n\n<h5 style=\"text-align: center;\">Coups de c\u0153ur des juges<\/h5>\n\n<div class=\"wp-block-image\">\n<figure class=\"aligncenter size-large is-resized\"><img decoding=\"async\" src=\"https:\/\/img.over-blog-kiwi.com\/3\/09\/77\/61\/20200302\/ob_b24e15_dsc6203.JPG\" alt=\"\" style=\"width:618px;height:auto\"\/><\/figure>\n<\/div>\n\n<div class=\"wp-block-image\">\n<figure class=\"aligncenter size-large is-resized\"><img decoding=\"async\" src=\"https:\/\/img.over-blog-kiwi.com\/3\/09\/77\/61\/20200302\/ob_fe294e_dsc6209.JPG\" alt=\"\" style=\"width:620px;height:auto\"\/><\/figure>\n<\/div>\n\n<h5 style=\"text-align: center;\">Apr\u00e8s l&rsquo;effort le r\u00e9confort.<\/h5>\n<p style=\"text-align: left;\">Merci \u00e0 tous les participants, nombreux, \u00e0 cette \u00e9tape pr\u00e9liminaire et essentielle de notre Salon.<\/p>\n<p style=\"text-align: left;\">Tout c&rsquo;est excellemment d\u00e9roul\u00e9 sans la moindre fausse note et dans une belle ambiance gr\u00e2ce \u00e0 l&rsquo;engagement et \u00e0 l&rsquo;initiative de chacun-chacune.<\/p>\n<p style=\"text-align: left;\">Bien s\u00fbr l&rsquo;\u00e9quipe de nos six juges fort disponibles \u00e0 l&rsquo;\u00e9change a \u00e9galement toute sa part dans ce r\u00e9sultat.<\/p>\n<p style=\"text-align: left;\">Chacun, chacune a tenu \u00e0 exprimer ses remerciements \u00e0 l&rsquo;ensemble des adh\u00e9rents du Club pour la qualit\u00e9 du moment pass\u00e9 en notre compagnie.<\/p>\n<p style=\"text-align: left;\">Il nous reste maintenant \u00e0 pr\u00e9parer le salon proprement dit sans d\u00e9laisser le moins du monde notre activit\u00e9 photographique propre.<\/p>\n<p style=\"text-align: left;\">Marc<\/p>\n\n<div class=\"wp-block-image\">\n<figure class=\"aligncenter size-large is-resized\"><img decoding=\"async\" src=\"https:\/\/img.over-blog-kiwi.com\/3\/09\/77\/61\/20200302\/ob_c43250_dde-5153.jpg\" alt=\"\" style=\"width:617px;height:auto\"\/><\/figure>\n<\/div>\n\n<div class=\"wp-block-image\">\n<figure class=\"aligncenter size-large is-resized\"><img decoding=\"async\" src=\"https:\/\/img.over-blog-kiwi.com\/3\/09\/77\/61\/20200302\/ob_f0616c_dde-5156.jpg\" alt=\"\" style=\"width:610px;height:auto\"\/><\/figure>\n<\/div>\n\n<div class=\"wp-block-image\">\n<figure class=\"aligncenter size-large is-resized\"><img decoding=\"async\" src=\"https:\/\/img.over-blog-kiwi.com\/3\/09\/77\/61\/20200302\/ob_d25e00_dde-5159.jpg\" alt=\"\" style=\"width:601px;height:auto\"\/><\/figure>\n<\/div>\n\n<div class=\"wp-block-image\">\n<figure class=\"aligncenter size-large is-resized\"><img decoding=\"async\" src=\"https:\/\/img.over-blog-kiwi.com\/3\/09\/77\/61\/20200302\/ob_5bc0dd_dde-5177.jpg\" alt=\"\" style=\"width:598px;height:auto\"\/><\/figure>\n<\/div>\n\n<div class=\"wp-block-image\">\n<figure class=\"aligncenter size-large is-resized\"><img decoding=\"async\" src=\"https:\/\/img.over-blog-kiwi.com\/3\/09\/77\/61\/20200302\/ob_297446_dde-5160.jpg\" alt=\"\" style=\"width:592px;height:auto\"\/><\/figure>\n<\/div>\n\n<div class=\"wp-block-image\">\n<figure class=\"aligncenter size-large is-resized\"><img decoding=\"async\" src=\"https:\/\/img.over-blog-kiwi.com\/3\/09\/77\/61\/20200302\/ob_d0b99b_dde-5161.jpg\" alt=\"\" style=\"width:588px;height:auto\"\/><\/figure>\n<\/div>\n\n<div class=\"wp-block-image\">\n<figure class=\"aligncenter size-large is-resized\"><img decoding=\"async\" src=\"https:\/\/img.over-blog-kiwi.com\/3\/09\/77\/61\/20200302\/ob_7c1d1b_dde-5163.jpg\" alt=\"\" style=\"width:588px;height:auto\"\/><\/figure>\n<\/div>\n\n<div class=\"wp-block-image\">\n<figure class=\"aligncenter size-large is-resized\"><img decoding=\"async\" src=\"https:\/\/img.over-blog-kiwi.com\/3\/09\/77\/61\/20200302\/ob_241321_dde-5164.jpg\" alt=\"\" style=\"width:582px;height:auto\"\/><\/figure>\n<\/div>\n\n<div class=\"wp-block-image\">\n<figure class=\"aligncenter size-large is-resized\"><img decoding=\"async\" src=\"https:\/\/img.over-blog-kiwi.com\/3\/09\/77\/61\/20200302\/ob_38acf8_dde-5162.jpg\" alt=\"\" style=\"width:580px;height:auto\"\/><\/figure>\n<\/div>\n\n<div class=\"wp-block-image\">\n<figure class=\"aligncenter size-large is-resized\"><img decoding=\"async\" src=\"https:\/\/img.over-blog-kiwi.com\/3\/09\/77\/61\/20200302\/ob_ab7276_dde-5173.jpg\" alt=\"\" style=\"width:576px;height:auto\"\/><\/figure>\n<\/div>\n\n<div class=\"wp-block-image\">\n<figure class=\"aligncenter size-large is-resized\"><img decoding=\"async\" src=\"https:\/\/img.over-blog-kiwi.com\/3\/09\/77\/61\/20200302\/ob_911bcd_dde-5176.jpg\" alt=\"\" style=\"width:570px;height:auto\"\/><\/figure>\n<\/div>\n\n<div class=\"wp-block-image\">\n<figure class=\"aligncenter size-large is-resized\"><img decoding=\"async\" src=\"https:\/\/img.over-blog-kiwi.com\/3\/09\/77\/61\/20200302\/ob_f116c1_dde-5174.jpg\" alt=\"\" style=\"width:566px;height:auto\"\/><\/figure>\n<\/div>\n\n<p>Merci \u00e0 Gilles et Jean pour les photos.<\/p>\n<p>Un merci chaleureux pour Annie qui <span class=\"st\">nous a permis de<em>\u00a0bien festoyer,<\/em><\/span>\u00a0des \u00e9changes fructueux ont eu lieu avec les juges durant la journ\u00e9e ainsi que lors du repas pris en commun.<\/p>\n<p>A tr\u00e8s bient\u00f4t pour d\u00e9couvrir le classement des photos.<\/p>\n<p>L&rsquo;exposition aura lieu du <strong>2\u00a0<\/strong>au\u00a0<strong>10 mai<\/strong> 2020<\/p>\n\n\n<hr class=\"wp-block-separator has-alpha-channel-opacity\"\/>\n","protected":false},"excerpt":{"rendered":"<p>Bonjour \u00e0 toutes et \u00e0 tous, Notre vid\u00e9o \u00e9voquant notre salon 2020 sauv\u00e9 du confinement est d\u00e9sormais en ligne sur\u00a0 YouTube. Merci \u00e0 son artisan essentiel,\u00a0Francis Coulon. J&rsquo;ai le plaisir de vous communiquer ci-dessous le lien permettant d&rsquo; y acc\u00e9der d&rsquo;un simple clic. \u00ab\u00a0Le salon masqu\u00e9\u00a0\u00bb, suivre ce lien pour YouTube : https:\/\/www.youtube.com\/watch?v=31sywo9dLF4 Cordialement, Marc &hellip; <\/p>\n<p class=\"link-more\"><a href=\"https:\/\/photovideoclubmayet72.com\/index.php\/2020\/03\/17\/19e-salon-international-de-la-photographie-de-mayet-2020\/\" class=\"more-link\">Continuer la lecture<span class=\"screen-reader-text\"> de &laquo;&nbsp;19\u1d49 SALON INTERNATIONAL DE LA PHOTOGRAPHIE DE MAYET &#8211; 2020&nbsp;&raquo;<\/span><\/a><\/p>\n","protected":false},"author":1,"featured_media":0,"comment_status":"closed","ping_status":"open","sticky":false,"template":"","format":"standard","meta":{"footnotes":""},"categories":[22],"tags":[],"class_list":["post-892","post","type-post","status-publish","format-standard","hentry","category-salons-internationaux-de-la-photographie-de-mayet"],"_links":{"self":[{"href":"https:\/\/photovideoclubmayet72.com\/index.php\/wp-json\/wp\/v2\/posts\/892","targetHints":{"allow":["GET"]}}],"collection":[{"href":"https:\/\/photovideoclubmayet72.com\/index.php\/wp-json\/wp\/v2\/posts"}],"about":[{"href":"https:\/\/photovideoclubmayet72.com\/index.php\/wp-json\/wp\/v2\/types\/post"}],"author":[{"embeddable":true,"href":"https:\/\/photovideoclubmayet72.com\/index.php\/wp-json\/wp\/v2\/users\/1"}],"replies":[{"embeddable":true,"href":"https:\/\/photovideoclubmayet72.com\/index.php\/wp-json\/wp\/v2\/comments?post=892"}],"version-history":[{"count":12,"href":"https:\/\/photovideoclubmayet72.com\/index.php\/wp-json\/wp\/v2\/posts\/892\/revisions"}],"predecessor-version":[{"id":994,"href":"https:\/\/photovideoclubmayet72.com\/index.php\/wp-json\/wp\/v2\/posts\/892\/revisions\/994"}],"wp:attachment":[{"href":"https:\/\/photovideoclubmayet72.com\/index.php\/wp-json\/wp\/v2\/media?parent=892"}],"wp:term":[{"taxonomy":"category","embeddable":true,"href":"https:\/\/photovideoclubmayet72.com\/index.php\/wp-json\/wp\/v2\/categories?post=892"},{"taxonomy":"post_tag","embeddable":true,"href":"https:\/\/photovideoclubmayet72.com\/index.php\/wp-json\/wp\/v2\/tags?post=892"}],"curies":[{"name":"wp","href":"https:\/\/api.w.org\/{rel}","templated":true}]}}