{"id":719,"date":"2022-03-28T18:26:00","date_gmt":"2022-03-28T16:26:00","guid":{"rendered":"https:\/\/photovideoclubmayet72.com\/?p=719"},"modified":"2024-04-19T11:57:03","modified_gmt":"2024-04-19T09:57:03","slug":"super-challenge-n6-obscurite-2022-classement-photos","status":"publish","type":"post","link":"https:\/\/photovideoclubmayet72.com\/index.php\/2022\/03\/28\/super-challenge-n6-obscurite-2022-classement-photos\/","title":{"rendered":"Super Challenge N\u00b06 : Obscurit\u00e9 &#8211; 2022 &#8211; Classement photos"},"content":{"rendered":"<h5><b>Date de comp\u00e9tition<\/b>: 27\/03\/2022<br \/><b>Date de r\u00e9sultats<\/b>:\u00a0 \u00a0 \u00a0 28\/03\/2022<\/h5>\n<p><strong>R\u00e9sultat du Photo Vid\u00e9o Club Georges\u00a0M\u00e9li\u00e8s de Mayet.<\/strong><\/p>\n<p>Suivre ce lien pour voir l\u2019ensemble des photos\u00a0:<\/p>\n<p><span style=\"color: #ff6600;\"><a style=\"color: #ff6600;\" href=\"https:\/\/copain.federation-photo.fr\/webroot\/competitions\/classement\/photos\/441\">https:\/\/copain.federation-photo.fr\/webroot\/competitions\/classement\/photos\/441<\/a><\/span><\/p>\n\n<p>Classement adh\u00e9rents<\/p>\n\n\n<figure class=\"wp-block-image size-large\"><img decoding=\"async\" src=\"https:\/\/image.over-blog.com\/BioNrD36320_zz3PkDv-HyC9BHk=\/filters:no_upscale()\/image%2F3097761%2F20220328%2Fob_e7232c_061299008601.jpg\" alt=\"\"\/><\/figure>\n\n\n\n<pre class=\"wp-block-preformatted\">light painting portrait de Mathieu FEUCHOT - 351\u00e8me avec 35 points<\/pre>\n\n\n\n<figure class=\"wp-block-image size-large\"><img decoding=\"async\" src=\"https:\/\/image.over-blog.com\/1tkHuR4mZvORybUyJ3a0zjxzHrs=\/filters:no_upscale()\/image%2F3097761%2F20220328%2Fob_8d5299_061299005901.jpg\" alt=\"\"\/><\/figure>\n\n\n\n<pre class=\"wp-block-preformatted\">Ruelle le soir. de Nadine DEVAUX - 351\u00e8me avec 35 points<\/pre>\n\n\n\n<hr class=\"wp-block-separator has-alpha-channel-opacity\"\/>\n","protected":false},"excerpt":{"rendered":"<p>Date de comp\u00e9tition: 27\/03\/2022Date de r\u00e9sultats:\u00a0 \u00a0 \u00a0 28\/03\/2022 R\u00e9sultat du Photo Vid\u00e9o Club Georges\u00a0M\u00e9li\u00e8s de Mayet. Suivre ce lien pour voir l\u2019ensemble des photos\u00a0: https:\/\/copain.federation-photo.fr\/webroot\/competitions\/classement\/photos\/441 Classement adh\u00e9rents light painting portrait de Mathieu FEUCHOT &#8211; 351\u00e8me avec 35 points Ruelle le soir. de Nadine DEVAUX &#8211; 351\u00e8me avec 35 points<\/p>\n","protected":false},"author":1,"featured_media":0,"comment_status":"closed","ping_status":"open","sticky":false,"template":"","format":"standard","meta":{"footnotes":""},"categories":[7],"tags":[],"class_list":["post-719","post","type-post","status-publish","format-standard","hentry","category-resultats-concours"],"_links":{"self":[{"href":"https:\/\/photovideoclubmayet72.com\/index.php\/wp-json\/wp\/v2\/posts\/719","targetHints":{"allow":["GET"]}}],"collection":[{"href":"https:\/\/photovideoclubmayet72.com\/index.php\/wp-json\/wp\/v2\/posts"}],"about":[{"href":"https:\/\/photovideoclubmayet72.com\/index.php\/wp-json\/wp\/v2\/types\/post"}],"author":[{"embeddable":true,"href":"https:\/\/photovideoclubmayet72.com\/index.php\/wp-json\/wp\/v2\/users\/1"}],"replies":[{"embeddable":true,"href":"https:\/\/photovideoclubmayet72.com\/index.php\/wp-json\/wp\/v2\/comments?post=719"}],"version-history":[{"count":2,"href":"https:\/\/photovideoclubmayet72.com\/index.php\/wp-json\/wp\/v2\/posts\/719\/revisions"}],"predecessor-version":[{"id":721,"href":"https:\/\/photovideoclubmayet72.com\/index.php\/wp-json\/wp\/v2\/posts\/719\/revisions\/721"}],"wp:attachment":[{"href":"https:\/\/photovideoclubmayet72.com\/index.php\/wp-json\/wp\/v2\/media?parent=719"}],"wp:term":[{"taxonomy":"category","embeddable":true,"href":"https:\/\/photovideoclubmayet72.com\/index.php\/wp-json\/wp\/v2\/categories?post=719"},{"taxonomy":"post_tag","embeddable":true,"href":"https:\/\/photovideoclubmayet72.com\/index.php\/wp-json\/wp\/v2\/tags?post=719"}],"curies":[{"name":"wp","href":"https:\/\/api.w.org\/{rel}","templated":true}]}}