{"id":64,"date":"2024-11-07T22:26:36","date_gmt":"2024-11-07T21:26:36","guid":{"rendered":"https:\/\/photovideoclubmayet72.com\/?p=64"},"modified":"2024-11-18T16:26:10","modified_gmt":"2024-11-18T15:26:10","slug":"ur-06","status":"publish","type":"post","link":"https:\/\/photovideoclubmayet72.com\/index.php\/2024\/11\/07\/ur-06\/","title":{"rendered":"Comp\u00e9titions de l&rsquo;UR 06"},"content":{"rendered":"\n<figure class=\"wp-block-image size-full\"><img loading=\"lazy\" decoding=\"async\" width=\"945\" height=\"451\" src=\"https:\/\/photovideoclubmayet72.com\/wp-content\/uploads\/2023\/11\/Mayet-1.jpg\" alt=\"\" class=\"wp-image-94\" srcset=\"https:\/\/photovideoclubmayet72.com\/wp-content\/uploads\/2023\/11\/Mayet-1.jpg 945w, https:\/\/photovideoclubmayet72.com\/wp-content\/uploads\/2023\/11\/Mayet-1-300x143.jpg 300w, https:\/\/photovideoclubmayet72.com\/wp-content\/uploads\/2023\/11\/Mayet-1-768x367.jpg 768w\" sizes=\"auto, (max-width: 767px) 89vw, (max-width: 1000px) 54vw, (max-width: 1071px) 543px, 580px\" \/><\/figure>\n\n\n<p><span style=\"color: #ff6600;\"><a style=\"color: #ff6600;\" href=\"http:\/\/copain.federation-photo.fr\/webroot\/competitions\/regions\/?ur=06&amp;annee=2024\">http:\/\/copain.federation-photo.fr\/webroot\/competitions\/regions\/?ur=06&amp;annee=2024\u00a0<\/a><\/span><\/p>\n\n\n<figure class=\"wp-block-gallery has-nested-images columns-default is-cropped wp-block-gallery-1 is-layout-flex wp-block-gallery-is-layout-flex\"><div class=\"wp-block-image\">\n<figure class=\"aligncenter size-large\"><img loading=\"lazy\" decoding=\"async\" width=\"1024\" height=\"864\" data-id=\"66\" src=\"https:\/\/photovideoclubmayet72.com\/wp-content\/uploads\/2023\/11\/Capture-decran-2023-03-05-190926-1024x864.jpg\" alt=\"\" class=\"wp-image-66\" srcset=\"https:\/\/photovideoclubmayet72.com\/wp-content\/uploads\/2023\/11\/Capture-decran-2023-03-05-190926-1024x864.jpg 1024w, https:\/\/photovideoclubmayet72.com\/wp-content\/uploads\/2023\/11\/Capture-decran-2023-03-05-190926-300x253.jpg 300w, https:\/\/photovideoclubmayet72.com\/wp-content\/uploads\/2023\/11\/Capture-decran-2023-03-05-190926-768x648.jpg 768w, https:\/\/photovideoclubmayet72.com\/wp-content\/uploads\/2023\/11\/Capture-decran-2023-03-05-190926-1536x1297.jpg 1536w, https:\/\/photovideoclubmayet72.com\/wp-content\/uploads\/2023\/11\/Capture-decran-2023-03-05-190926.jpg 1700w\" sizes=\"auto, (max-width: 767px) 89vw, (max-width: 1000px) 54vw, (max-width: 1071px) 543px, 580px\" \/><\/figure>\n<\/div><\/figure>\n\n\n\n<h2 class=\"wp-block-heading has-text-align-center has-medium-font-size\" style=\"font-style:normal;font-weight:600\"><strong><u>Comp\u00e9titions de l&rsquo;UR 06 pour l&rsquo;ann\u00e9e 2025<\/u><\/strong><\/h2>\n\n\n\n<div class=\"wp-block-columns is-layout-flex wp-container-core-columns-is-layout-9d6595d7 wp-block-columns-is-layout-flex\">\n<div class=\"wp-block-column is-layout-flow wp-block-column-is-layout-flow\" style=\"flex-basis:100%\">\n<div class=\"wp-block-group has-small-font-size is-vertical is-layout-flex wp-container-core-group-is-layout-8cf370e7 wp-block-group-is-layout-flex\">\n<figure class=\"wp-block-table\"><table class=\"has-fixed-layout\"><thead><tr><th>&nbsp;<\/th><th>\n<p align=\"left\">Inscription<\/p>\n<\/th><th>\n<p align=\"left\">Date comp\u00e9tition<\/p>\n<\/th><th>\n<p align=\"left\">Date r\u00e9sultats<\/p>\n<\/th><\/tr><\/thead><tbody><tr><td>\n<p>1 &#8211; Papier Monochrome<\/p>\n<\/td><td>\n<p>Du 06\/01\/2025 au 16\/02\/2025<\/p>\n<\/td><td>\n<p>01\/03\/2025<\/p>\n<\/td><td>\n<p>03\/03\/2025<\/p>\n<\/td><\/tr><tr><td>\n<p>2 &#8211; Papier Couleur<\/p>\n<\/td><td>\n<p>Du 06\/01\/2025 au 16\/02\/2025<\/p>\n<\/td><td>\n<p>01\/03\/2025<\/p>\n<\/td><td>\n<p>03\/03\/2025<\/p>\n<\/td><\/tr><tr><td>\n<p>3 &#8211; Image Projet\u00e9e Monochrome<\/p>\n<\/td><td>\n<p>Du 06\/01\/2025 au 02\/03\/2025<\/p>\n<\/td><td>\n<p>13\/03\/2025<\/p>\n<\/td><td>\n<p>16\/03\/2025<\/p>\n<\/td><\/tr><tr><td>\n<p>4 &#8211; Image Projet\u00e9e Couleur<\/p>\n<\/td><td>\n<p>Du 06\/01\/2025 au 02\/03\/2025<\/p>\n<\/td><td>\n<p>13\/03\/2025<\/p>\n<\/td><td>\n<p>16\/03\/2025<\/p>\n<\/td><\/tr><tr><td>\n<p>5 &#8211; Papier Nature<\/p>\n<\/td><td>\n<p>Du 06\/01\/2025 au 16\/02\/2025<\/p>\n<\/td><td>\n<p>01\/03\/2025<\/p>\n<\/td><td>\n<p>10\/03\/2025<\/p>\n<\/td><\/tr><tr><td>\n<p>6 &#8211; Image Projet\u00e9e Nature<\/p>\n<\/td><td>\n<p>Du 06\/01\/2025 au 01\/03\/2025<\/p>\n<\/td><td>\n<p>13\/03\/2025<\/p>\n<\/td><td>\n<p>16\/03\/2026<\/p>\n<\/td><\/tr><tr><td>\n<p>7 &#8211; Concours Auteurs &#8211; Papier<\/p>\n<\/td><td>\n<p>Du 06\/01\/2025 au 16\/02\/2025<\/p>\n<\/td><td>\n<p>01\/03\/2025<\/p>\n<\/td><td>\n<p>03\/03\/2025<\/p>\n<\/td><\/tr><tr><td>\n<p>8 &#8211; Audiovisuel<\/p>\n<\/td><td>\n<p>Du 06\/01\/2025 au 22\/02\/2025<\/p>\n<\/td><td>\n<p>01\/03\/2025<\/p>\n<\/td><td>\n<p>06\/03\/2025<\/p>\n<\/td><\/tr><tr><td><p><strong>17 &#8211; 2\u00e8me D\u00e9fi &#8211; Pose lente &#8211; Couleur<\/strong><\/p><\/td><td>\n<p>Du 01\/11\/2024 au 29\/11\/2024<\/p>\n<\/td><td>\n<p>06\/12\/2024<\/p>\n<\/td><td>\n<p>08\/12\/2024<\/p>\n<\/td><\/tr><tr><td><p><strong>18 &#8211; 3\u00e8me D\u00e9fi &#8211; Voyage &#8211; Couleur<\/strong><\/p><\/td><td>\n<p>Du 01\/01\/2025 au 29\/01\/2025<\/p>\n<\/td><td>\n<p>06\/02\/2025<\/p>\n<\/td><td>\n<p>08\/02\/2025<\/p>\n<\/td><\/tr><tr><td><p><strong>19 &#8211; 4\u00e8me D\u00e9fi &#8211; La musique &#8211; Monochrome<\/strong><\/p><\/td><td>\n<p>Du 01\/03\/2025 au 29\/03\/2025<\/p>\n<\/td><td>\n<p>06\/04\/2025<\/p>\n<\/td><td>\n<p>08\/04\/2025<\/p>\n<\/td><\/tr><tr><td><p><strong>20 &#8211; 5\u00e8me D\u00e9fi &#8211; Paysage en pano &#8211; Couleur<\/strong><\/p><\/td><td>\n<p>Du 01\/05\/2025 au 29\/05\/2025<\/p>\n<\/td><td>\n<p>06\/06\/2025<\/p>\n<\/td><td>\n<p>08\/06\/2025<\/p>\n<\/td><\/tr><tr><td>\n<p>24 &#8211; Quadrimage<\/p>\n<\/td><td>\n<p>Du 06\/01\/2025 au 08\/03\/2025<\/p>\n<\/td><td>\n<p>22\/03\/2025<\/p>\n<\/td><td>\n<p>29\/03\/2025<\/p>\n<\/td><\/tr><\/tbody><\/table><\/figure>\n<\/div>\n\n\n\n<p>Les images du challenge sont t\u00e9l\u00e9charg\u00e9es sur le site au moment de l&rsquo;inscription.<br \/>L&rsquo;inscription se fait en ligne sur le site FPF : <a href=\"http:\/\/copain.federation-photo.fr\/webroot\/\/\"><span style=\"color: #ff6600;\">http:\/\/copain.federation-photo.fr\/webroot\/\/<\/span><\/a> \u00ab se connecter \u00bb puis \u00ab Comp\u00e9titions r\u00e9gionales individuelles \u00bb.<br \/>Pour garantir l\u2019anonymat, les fichiers seront renomm\u00e9s automatiquement sur le site internet par un num\u00e9ro \u00e0 12 chiffres. La photo doit \u00eatre pr\u00e9sent\u00e9e dans le sens de lecture. Aucune modification ne sera faite par les organisateurs.<br \/>Nombre de photos admissibles : chaque auteur peut pr\u00e9senter <strong>DEUX images par d\u00e9fi<\/strong>. Mais seule la meilleure class\u00e9e sera prise en compte. Il n\u2019est pas n\u00e9cessaire de participer \u00e0 tous les d\u00e9fis pour \u00eatre class\u00e9 au ChallengeUR06.<br \/>Concernant les membres des clubs qui ne sont pas adh\u00e9rents FPF et qui souhaiteraient participer aux deux manches \u00ab Open \u00bb, les responsables de club, devront leur cr\u00e9er un compte sur la base en ligne ce qui g\u00e9n\u00e9rera un num\u00e9ro tel que : UR-CLUB- ADHE, ex : 06-2103-0025.<br \/>N\u2019\u00e9tant pas une comp\u00e9tition f\u00e9d\u00e9rale, les photos pr\u00e9sent\u00e9es pourront participer aux divers concours FPF.<\/p>\n\n\n\n<hr class=\"wp-block-separator has-alpha-channel-opacity\"\/>\n<\/div>\n<\/div>\n\n\n<p><strong>Tous les adh\u00e9rents<\/strong>*<strong> des clubs f\u00e9d\u00e9r\u00e9s, qu&rsquo;ils soient personnellement f\u00e9d\u00e9r\u00e9s ou non,\u00a0 peuvent participer \u00e0 ces concours. Cette exp\u00e9rience est particuli\u00e8rement enrichissante : elle vous permet notamment de conna\u00eetre l&rsquo;avis de personnes comp\u00e9tentes, mais ext\u00e9rieures \u00e0 votre entourage imm\u00e9diat, sur vos \u0153uvres. Prenez les concours comme un jeu et si vos photos n&rsquo;obtiennent pas la note escompt\u00e9e, ce n&rsquo;est pas bien grave. Les notes seront probablement meilleures la prochaine fois.<\/strong><\/p>\n\n\n<hr class=\"wp-block-separator has-alpha-channel-opacity\"\/>\n\n\n<div><em><strong>Petite pr\u00e9cision pour les \u00ab\u00a0concours papier\u00a0\u00bb<\/strong><\/em><\/div>\n<div><em>En r\u00e8gle g\u00e9n\u00e9rale, les envois group\u00e9s sont faits par le club et vous n&rsquo;avez donc pas \u00e0 vous pr\u00e9occuper de ces d\u00e9tails. Si ce n&rsquo;\u00e9tait pas le cas, veuillez tenir compte des informations ci-dessous :<\/em><\/div>\n<div><em>L\u2019inscription se faisant de fa\u00e7on informatique sur Internet, un fichier CSV et une planche contact sont t\u00e9l\u00e9chargeables par les adh\u00e9rents, par les clubs ou par le commissaire r\u00e9gional pour v\u00e9rifications et num\u00e9rotations des fichiers. Ces fichiers sont obligatoirement joints \u00e0 l\u2019envoi des photos et \u00e0 envoyer par mail au commissaire en charge de la discipline. Les \u00e9tiquettes sont g\u00e9n\u00e9r\u00e9es automatiquement sur le site et imprimables apr\u00e8s t\u00e9l\u00e9chargement. Elles fournissent toutes les informations n\u00e9cessaires \u00e0 la gestion de la comp\u00e9tition. Bien s\u2019assurer de l\u2019emplacement de l\u2019\u00e9tiquette sur le dos du support et de sa correspondance avec la photo. Les \u00e9tiquettes autocollantes de format 105 mm x 70 mm doivent \u00eatre appos\u00e9es au dos du support des photos. Leur position au verso des photos doit \u00eatre en haut \u00e0 gauche pour les comp\u00e9titions r\u00e9gionales. Les \u00e9tiquettes seront coll\u00e9es dans le sens de lecture de l\u2019image.\u00a0<\/em><\/div>\n<div>\u00a0<\/div>\n<div><em>\u00a0<\/em><\/div>\n\n\n<hr class=\"wp-block-separator has-alpha-channel-opacity\"\/>\n\n\n\n<p class=\"has-text-align-center\"><strong><span style=\"text-decoration: underline;\">Guide des comp\u00e9titions.pdf<\/span><\/strong><\/p>\n\n\n<p><span style=\"color: #ff6600;\"><a style=\"color: #ff6600;\" href=\"https:\/\/copain.federation-photo.fr\/webroot\/upload\/livrets\/guide_competitions.pdf\">https:\/\/copain.federation-photo.fr\/webroot\/upload\/livrets\/guide_competitions.pdf<\/a><\/span><\/p>\n\n\n<hr class=\"wp-block-separator has-alpha-channel-opacity\"\/>\n\n\n\n<p><strong>Quelques consignes importantes<\/strong><br>Respectez scrupuleusement les r\u00e8gles du livret des comp\u00e9titions et des r\u00e8glements&nbsp; : notamment le format, l&rsquo;\u00e9paisseur du passe-partout, les formats de fichiers, les sp\u00e9cificit\u00e9s de la section nature, &#8230;&nbsp;<br>Si pr\u00e9sentation d&rsquo;images comportant un animal sauvage(animaux non apprivois\u00e9s, y compris insectes) dans les comp\u00e9titions papier Monochrome-Couleur et IP Monochrome-Couleur, cochez la case pr\u00e9vue \u00e0 cet effet.<br>L&rsquo;\u00e9tiquette d&rsquo;identification doit \u00eatre imprim\u00e9e correctement sur un papier de qualit\u00e9 t surtout avec une imprimante qui identifie bien les traits du code-barre. Leurs s\u00e9parations doivent \u00eatre bien nettes sans bavures pour que le scanner ne rencontre pas de difficult\u00e9s \u00e0 la lecture.<br>La position de l&rsquo;\u00e9tiquette en comp\u00e9tition r\u00e9gionale : comme d&rsquo;habitude en haut \u00e0 gauche.<br>La qualit\u00e9 du tirage que vous soumettez au jury est primordiale, apportez une attention particuli\u00e8re au choix du papier.<\/p>\n\n\n\n<hr class=\"wp-block-separator has-alpha-channel-opacity\"\/>\n\n\n<p style=\"text-align: center;\"><span style=\"color: #000000;\"><strong>Clubs Photos UR 06<\/strong><\/span><\/p>\n\n\n<ul class=\"wp-block-list\">\n<li class=\"has-small-font-size\" style=\"font-style:normal;font-weight:600\">Photo Club Nantais&nbsp;\u2013 Nantes \u2013 44&nbsp;&#8211;&nbsp;&nbsp;<a href=\"https:\/\/www.photoclubnantais.fr\/\"><mark style=\"background-color:rgba(0, 0, 0, 0)\" class=\"has-inline-color has-luminous-vivid-orange-color\">https:\/\/www.photoclubnantais.fr\/<\/mark><\/a><\/li>\n<\/ul>\n\n\n\n<ul class=\"wp-block-list\">\n<li class=\"has-small-font-size\"><a href=\"https:\/\/federation-photo.fr\/club-ur\/photo-vido-club-saintnazaire-44\/\">Photo Vid\u00e9o Club Saint-Nazaire &#8211; 44<\/a>&nbsp;&#8211;&nbsp;<a href=\"https:\/\/www.photovideoclubsaintnazaire.fr\/\"><mark style=\"background-color:rgba(0, 0, 0, 0)\" class=\"has-inline-color has-luminous-vivid-orange-color\">https:\/\/www.photovideoclubsaintnazaire.fr\/<\/mark><\/a><\/li>\n<\/ul>\n\n\n\n<ul class=\"wp-block-list has-small-font-size\">\n<li class=\"has-small-font-size\"><strong><a href=\"https:\/\/federation-photo.fr\/club-ur\/atelier-photo-u-i-a-st-nazaire\/\">Atelier Photo U I A &#8211; St Nazaire<\/a>&nbsp;&#8211; Saint-Nazaire \u2013 44<\/strong> &#8211;&nbsp;<a href=\"https:\/\/uia44-photo.assoconnect.com\/page\/923485-accueil\"><mark style=\"background-color:rgba(0, 0, 0, 0)\" class=\"has-inline-color has-luminous-vivid-orange-color\">https:\/\/uia44-photo.assoconnect.com\/page\/923485<\/mark>&#8211;<\/a><\/li>\n<\/ul>\n\n\n\n<ul class=\"wp-block-list has-small-font-size\">\n<li><a href=\"https:\/\/federation-photo.fr\/club-ur\/photo-club-de-pornichet\/\">Photo Club de Pornichet<\/a>&nbsp;\u2013 Pornichet &#8211; 44&nbsp; &#8211;&nbsp;<a href=\"https:\/\/www.clubphotopornichet.com\/\"><mark style=\"background-color:rgba(0, 0, 0, 0)\" class=\"has-inline-color has-luminous-vivid-orange-color\">https:\/\/www.clubphotopornichet.com\/<\/mark><\/a><\/li>\n<\/ul>\n\n\n\n<ul class=\"wp-block-list has-small-font-size\">\n<li><strong><a href=\"https:\/\/federation-photo.fr\/club-ur\/dclic-image-leg-44\/\">D\u00e9clic Image Leg\u00e9 44<\/a>&nbsp;\u2013 L\u00e9g\u00e9 \u2013 44<\/strong> &#8211;&nbsp;<a href=\"https:\/\/www.declic-image44.com\/\"><mark style=\"background-color:#ffffff\" class=\"has-inline-color has-luminous-vivid-orange-color\">https:\/\/www.declic-image44.com\/<\/mark><\/a><\/li>\n<\/ul>\n\n\n\n<ul class=\"wp-block-list\">\n<li class=\"has-small-font-size\"><a href=\"https:\/\/federation-photo.fr\/club-ur\/marcheimage-pc-en-terre-de-brire-montoirdebretagne\/\">Marche-Image PC en Terre de Bri\u00e8re \u00e0 Montoir-de-Bretagne<\/a><strong>&nbsp;&#8211;<\/strong>Trignac \u2013 44 :<\/li>\n<\/ul>\n\n\n\n<p class=\"has-small-font-size\"><a href=\"https:\/\/ur06.federation-photo.fr\/index.php\/club\/2194\/marche-image-pc-en-terre-de-briere-a-montoir-de-bretagne\"><mark style=\"background-color:rgba(0, 0, 0, 0)\" class=\"has-inline-color has-luminous-vivid-orange-color\">https:\/\/ur06.federation-photo.fr\/index.php\/club\/2194\/marche-image-pc-en-terre-de-briere-a-montoir-de-bretagne<\/mark><\/a><\/p>\n\n\n\n<ul class=\"wp-block-list has-small-font-size\">\n<li><strong><a href=\"https:\/\/federation-photo.fr\/club-ur\/club-photo-de-trignac\/\">Club Photo de Trignac<\/a>&nbsp;&#8211; Trignac \u2013 44<\/strong>&nbsp; &#8211;<mark style=\"background-color:rgba(0, 0, 0, 0)\" class=\"has-inline-color has-luminous-vivid-orange-color\">&nbsp;<\/mark><a href=\"http:\/\/www.trignacphotos.fr\/\"><mark style=\"background-color:#ffffff\" class=\"has-inline-color has-luminous-vivid-orange-color\">http:\/\/www.trignacphotos.fr\/<\/mark><\/a><\/li>\n<\/ul>\n\n\n\n<ul class=\"wp-block-list has-small-font-size\">\n<li><a href=\"https:\/\/federation-photo.fr\/club-ur\/photo-club-de-la-svre\/\">Photo Club de la S\u00e8vre<\/a><strong>&nbsp;&#8211;&nbsp;<\/strong>Haute Goulaine \u2013 44 &#8211;&nbsp;<a href=\"http:\/\/photoclubdelasevre.fr\/photoclub\/\"><mark style=\"background-color:rgba(0, 0, 0, 0)\" class=\"has-inline-color has-luminous-vivid-orange-color\">http:\/\/photoclubdelasevre.fr\/photoclub\/<\/mark><\/a><\/li>\n<\/ul>\n\n\n\n<ul class=\"wp-block-list has-small-font-size\">\n<li><strong><a href=\"https:\/\/federation-photo.fr\/club-ur\/carre-culturel-du-petit-pre\/\">CARRE CULTUREL DU PETIT PRE<\/a>&nbsp;&#8211;&nbsp;Tr\u00e9laz\u00e9 \u2013 44<\/strong> &#8211;&nbsp;<a href=\"https:\/\/www.facebook.com\/regartclubphoto\/?locale=fr_FR\"><mark style=\"background-color:rgba(0, 0, 0, 0)\" class=\"has-inline-color has-luminous-vivid-orange-color\">https:\/\/www.facebook.com\/regartclubphoto\/?locale=fr_FR<\/mark><\/a><\/li>\n<\/ul>\n\n\n\n<ul class=\"wp-block-list has-small-font-size\">\n<li><a href=\"https:\/\/federation-photo.fr\/club-ur\/\">Focale 49 Montreuil Juign\u00e9<\/a>&nbsp;&#8211; Mellay\/Chemille D&rsquo;Anjou \u2013 49 &#8211;&nbsp;<a href=\"https:\/\/focale49.fr\/\"><mark style=\"background-color:rgba(0, 0, 0, 0)\" class=\"has-inline-color has-luminous-vivid-orange-color\">https:\/\/focale49.fr\/<\/mark><\/a><\/li>\n<\/ul>\n\n\n\n<ul class=\"wp-block-list\">\n<li><strong>Photo Vid\u00e9o club G. M\u00e9li\u00e8s Mayet &#8211; Sarthe <\/strong>&#8211; <strong>72<\/strong> &#8211; <a href=\"https:\/\/photovideoclubmayet72.com\/\" target=\"_blank\" rel=\"noreferrer noopener\"><mark style=\"background-color:rgba(0, 0, 0, 0)\" class=\"has-inline-color has-luminous-vivid-orange-color\"><strong>https:\/\/photovideoclubmayet72.com\/<\/strong><\/mark><\/a><\/li>\n<\/ul>\n\n\n\n<ul class=\"wp-block-list has-small-font-size\">\n<li>Club Photo CSL de Sarg\u00e9<strong>&nbsp;&#8211;&nbsp;<\/strong>Sarg\u00e9 les le Mans \u2013 72 &#8211;&nbsp;<a href=\"https:\/\/sargeclubphoto.piwigo.com\/index?\/categories\"><mark style=\"background-color:rgba(0, 0, 0, 0)\" class=\"has-inline-color has-luminous-vivid-orange-color\">https:\/\/sargeclubphoto.piwigo.com\/index?\/categories<\/mark><\/a><\/li>\n<\/ul>\n\n\n\n<ul class=\"wp-block-list has-small-font-size\">\n<li><strong>Huisne Photo Club&nbsp;&#8211;&nbsp;La Fert\u00e9 Bernard \u2013 72<\/strong> &#8211;&nbsp;<a href=\"https:\/\/www.facebook.com\/groups\/208727626364999\/\"><mark style=\"background-color:rgba(0, 0, 0, 0)\" class=\"has-inline-color has-luminous-vivid-orange-color\">https:\/\/www.facebook.com\/groups\/208727626364999\/<\/mark><\/a><\/li>\n<\/ul>\n\n\n\n<ul class=\"wp-block-list has-small-font-size\">\n<li><a href=\"https:\/\/federation-photo.fr\/club-ur\/universit-du-temps-libre-du-mans\/\">Universit\u00e9 du Temps Libre du Mans<\/a><strong>&nbsp;\u2013&nbsp;<\/strong>Le Mans CEDEX 9 \u2013 72 : &#8211;&nbsp;<a href=\"https:\/\/federation-photo.fr\/club-ur\/universit-du-temps-libre-du-mans\/\"><mark style=\"background-color:rgba(0, 0, 0, 0)\" class=\"has-inline-color has-luminous-vivid-orange-color\">https:\/\/federation-photo.fr\/club-ur\/universit-du-temps-libre-du-mans\/<\/mark><\/a><\/li>\n<\/ul>\n\n\n\n<ul class=\"wp-block-list has-small-font-size\">\n<li><a href=\"https:\/\/federation-photo.fr\/club-ur\/activits-loisirs-des-cheminots-du-mans\/\"><strong>Activit\u00e9s Loisirs des Cheminots du Mans<\/strong><\/a><strong>&nbsp;\u2013&nbsp;<\/strong>Le Mans- 72 &#8211;&nbsp;&nbsp;<a href=\"http:\/\/photoclubcheminotslemans.blogspot.com\/p\/photographie.html\"><mark style=\"background-color:rgba(0, 0, 0, 0)\" class=\"has-inline-color has-luminous-vivid-orange-color\">http:\/\/photoclubcheminotslemans.blogspot.com\/p\/photographie.html<\/mark><\/a><\/li>\n<\/ul>\n\n\n\n<ul class=\"wp-block-list has-small-font-size\">\n<li><a href=\"https:\/\/federation-photo.fr\/club-ur\/focale-85\/\">Focale 85<\/a>&nbsp;&#8211; Les Sables D&rsquo;Olonne \u2013 85 &#8211;<mark style=\"background-color:rgba(0, 0, 0, 0)\" class=\"has-inline-color has-luminous-vivid-orange-color\">&nbsp;<\/mark><a href=\"https:\/\/www.mdavendee.fr\/annuaire\/les-sables-d-olonne\/10281-focale-85.html\"><mark style=\"background-color:rgba(0, 0, 0, 0)\" class=\"has-inline-color has-luminous-vivid-orange-color\">https:\/\/www.mdavendee.fr\/annuaire\/les-sables-d-olonne\/10281-focale-85.html<\/mark><\/a><\/li>\n<\/ul>\n\n\n\n<ul class=\"wp-block-list has-small-font-size\">\n<li><strong><a href=\"https:\/\/federation-photo.fr\/club-ur\/club-photo-fontenaisien\/\">Club Photo Fontenaisien<\/a>&nbsp;\u2013 Fontenay le Comte -85<\/strong> &#8211;&nbsp;<a href=\"https:\/\/club-photo-fontenaylecomte.fr\/\"><mark style=\"background-color:rgba(0, 0, 0, 0)\" class=\"has-inline-color has-luminous-vivid-orange-color\">https:\/\/club-photo-fontenaylecomte.fr\/<\/mark><\/a><\/li>\n<\/ul>\n\n\n\n<ul class=\"wp-block-list has-small-font-size\">\n<li><a href=\"https:\/\/federation-photo.fr\/club-ur\/photo-club-brtignollais\/\">Photo Club Br\u00e9tignollais<\/a>&nbsp;&#8211; Br\u00e9tignolles-sur-Mer \u2013 85 &#8211;&nbsp;<a href=\"https:\/\/www.facebook.com\/ClubphotoBretignolles\/?locale=fr_FR\"><mark style=\"background-color:rgba(0, 0, 0, 0)\" class=\"has-inline-color has-luminous-vivid-orange-color\">https:\/\/www.facebook.com\/ClubphotoBretignolles\/?locale=fr_FR<\/mark><\/a><\/li>\n<\/ul>\n\n\n\n<ul class=\"wp-block-list has-small-font-size\">\n<li><strong>CLICPHOTO 85&nbsp;&#8211;&nbsp;<\/strong>Lu\u00e7on\u2013 85 &#8211;&nbsp;<a href=\"https:\/\/www.facebook.com\/Clicphoto85\/?locale=fr_FR\"><mark style=\"background-color:rgba(0, 0, 0, 0)\" class=\"has-inline-color has-luminous-vivid-orange-color\">https:\/\/www.facebook.com\/Clicphoto85\/?locale=fr_FR<\/mark><\/a><\/li>\n<\/ul>\n\n\n\n<ul class=\"wp-block-list has-small-font-size\">\n<li>La Photo Simplement<strong>&nbsp;\u2013&nbsp;<\/strong>Bellevigny\u2013 85 &#8211;&nbsp;<a href=\"https:\/\/www.facebook.com\/laphotosimplement\/\"><mark style=\"background-color:rgba(0, 0, 0, 0)\" class=\"has-inline-color has-luminous-vivid-orange-color\">https:\/\/www.facebook.com\/laphotosimplement\/<\/mark><\/a><\/li>\n<\/ul>\n\n\n\n<ul class=\"wp-block-list has-small-font-size\">\n<li><strong>Arr\u00eat sur Image-Photo club de Talmont St Hilaire&nbsp;&#8211;&nbsp;85<\/strong> &#8211;&nbsp;<a href=\"https:\/\/photoclub-talmont.fr\/\"><mark style=\"background-color:rgba(0, 0, 0, 0)\" class=\"has-inline-color has-luminous-vivid-orange-color\">https:\/\/photoclub-talmont.fr\/<\/mark><\/a><\/li>\n<\/ul>\n\n\n\n<hr class=\"wp-block-separator has-alpha-channel-opacity\"\/>\n\n\n\n\n","protected":false},"excerpt":{"rendered":"<p>Comp\u00e9titions de l&rsquo;UR 06 pour l&rsquo;ann\u00e9e 2024<\/p>\n","protected":false},"author":1,"featured_media":0,"comment_status":"closed","ping_status":"open","sticky":false,"template":"","format":"standard","meta":{"footnotes":""},"categories":[33],"tags":[],"class_list":["post-64","post","type-post","status-publish","format-standard","hentry","category-competitions-de-lur-06"],"_links":{"self":[{"href":"https:\/\/photovideoclubmayet72.com\/index.php\/wp-json\/wp\/v2\/posts\/64","targetHints":{"allow":["GET"]}}],"collection":[{"href":"https:\/\/photovideoclubmayet72.com\/index.php\/wp-json\/wp\/v2\/posts"}],"about":[{"href":"https:\/\/photovideoclubmayet72.com\/index.php\/wp-json\/wp\/v2\/types\/post"}],"author":[{"embeddable":true,"href":"https:\/\/photovideoclubmayet72.com\/index.php\/wp-json\/wp\/v2\/users\/1"}],"replies":[{"embeddable":true,"href":"https:\/\/photovideoclubmayet72.com\/index.php\/wp-json\/wp\/v2\/comments?post=64"}],"version-history":[{"count":37,"href":"https:\/\/photovideoclubmayet72.com\/index.php\/wp-json\/wp\/v2\/posts\/64\/revisions"}],"predecessor-version":[{"id":1462,"href":"https:\/\/photovideoclubmayet72.com\/index.php\/wp-json\/wp\/v2\/posts\/64\/revisions\/1462"}],"wp:attachment":[{"href":"https:\/\/photovideoclubmayet72.com\/index.php\/wp-json\/wp\/v2\/media?parent=64"}],"wp:term":[{"taxonomy":"category","embeddable":true,"href":"https:\/\/photovideoclubmayet72.com\/index.php\/wp-json\/wp\/v2\/categories?post=64"},{"taxonomy":"post_tag","embeddable":true,"href":"https:\/\/photovideoclubmayet72.com\/index.php\/wp-json\/wp\/v2\/tags?post=64"}],"curies":[{"name":"wp","href":"https:\/\/api.w.org\/{rel}","templated":true}]}}