{"id":501,"date":"2024-03-13T12:34:04","date_gmt":"2024-03-13T11:34:04","guid":{"rendered":"https:\/\/photovideoclubmayet72.com\/?p=501"},"modified":"2024-04-19T11:30:19","modified_gmt":"2024-04-19T09:30:19","slug":"ur-06-regional-papier-couleur-2024-classement-photos","status":"publish","type":"post","link":"https:\/\/photovideoclubmayet72.com\/index.php\/2024\/03\/13\/ur-06-regional-papier-couleur-2024-classement-photos\/","title":{"rendered":"UR 06 &#8211; R\u00e9gional Papier Couleur &#8211; 2024 &#8211; Classement photos"},"content":{"rendered":"<h5><em><b>Date de comp\u00e9tition<\/b>: 09\/03\/2024<\/em><br \/><em><b>Date de r\u00e9sultats<\/b>:\u00a0 \u00a0 \u00a0 12\/03\/2024<\/em><\/h5>\n\n<p><strong>R\u00e9sultat du Photo Vid\u00e9o Club Georges-M\u00e9li\u00e8s-Mayet.<\/strong><\/p>\n<p>Suivre ce lien pour voir la totalit\u00e9 du classement :<\/p>\n<p><span style=\"color: #ff6600;\"><a style=\"color: #ff6600;\" href=\"https:\/\/copain.federation-photo.fr\/webroot\/competitions\/classement_ur\/photos\/3390\">https:\/\/copain.federation-photo.fr\/webroot\/competitions\/classement_ur\/photos\/3390<\/a><\/span><\/p>\n\n<p><a href=\"https:\/\/copain.federation-photo.fr\/webroot\/competitions\/classement_ur\/auteurs\/3390\">Classement auteurs<\/a><\/p>\n\n\n<figure class=\"wp-block-image size-large\"><img decoding=\"async\" src=\"https:\/\/copain.federation-photo.fr\/webroot\/upload\/competitions\/regional\/2024\/UR06\/compet2\/thumbs\/061299004601.jpg\" alt=\"\"\/><\/figure>\n\n\n\n<pre class=\"wp-block-preformatted\">L'\u00e9colier de GRIGNON Lo\u00efc - 1er avec 56 points - Coup de C\u0153ur juge 1<\/pre>\n\n\n\n<figure class=\"wp-block-image size-large\"><img decoding=\"async\" src=\"https:\/\/copain.federation-photo.fr\/webroot\/upload\/competitions\/regional\/2024\/UR06\/compet2\/thumbs\/061299009701.jpg\" alt=\"\"\/><\/figure>\n\n\n\n<pre class=\"wp-block-preformatted\">Carnaval de MILLET Florence - 7\u00e8me avec 51 points<\/pre>\n\n\n\n<figure class=\"wp-block-image size-large\"><img decoding=\"async\" src=\"https:\/\/copain.federation-photo.fr\/webroot\/upload\/competitions\/regional\/2024\/UR06\/compet2\/thumbs\/061299006804.jpg\" alt=\"\"\/><\/figure>\n\n\n\n<pre class=\"wp-block-preformatted\">regard d'indien de KINON G\u00e9rard - 12\u00e8me avec 50 points<\/pre>\n\n\n\n<figure class=\"wp-block-image size-large\"><img decoding=\"async\" src=\"https:\/\/copain.federation-photo.fr\/webroot\/upload\/competitions\/regional\/2024\/UR06\/compet2\/thumbs\/061299005002.jpg\" alt=\"\"\/><\/figure>\n\n\n\n<pre class=\"wp-block-preformatted\">contre jour de LORY Jean-Claude - 15\u00e8me avec 49 points<\/pre>\n\n\n\n<figure class=\"wp-block-image size-large\"><img decoding=\"async\" src=\"https:\/\/copain.federation-photo.fr\/webroot\/upload\/competitions\/regional\/2024\/UR06\/compet2\/thumbs\/061299008003.jpg\" alt=\"\"\/><\/figure>\n\n\n\n<pre class=\"wp-block-preformatted\">America de EVEILLEAU Flavien - 18\u00e8me avec 48 points<\/pre>\n\n\n\n<figure class=\"wp-block-image size-large\"><img decoding=\"async\" src=\"https:\/\/copain.federation-photo.fr\/webroot\/upload\/competitions\/regional\/2024\/UR06\/compet2\/thumbs\/061299004603.jpg\" alt=\"\"\/><\/figure>\n\n\n\n<pre class=\"wp-block-preformatted\">Mong de GRIGNON Lo\u00efc - 29\u00e8me avec 46 points<\/pre>\n\n\n\n<figure class=\"wp-block-image size-large\"><img decoding=\"async\" src=\"https:\/\/copain.federation-photo.fr\/webroot\/upload\/competitions\/regional\/2024\/UR06\/compet2\/thumbs\/061299004604.jpg\" alt=\"\"\/><\/figure>\n\n\n\n<pre class=\"wp-block-preformatted\">Chapeaux de GRIGNON Lo\u00efc - 41\u00e8me avec 45 points<\/pre>\n\n\n\n<figure class=\"wp-block-image size-large\"><img decoding=\"async\" src=\"https:\/\/copain.federation-photo.fr\/webroot\/upload\/competitions\/regional\/2024\/UR06\/compet2\/thumbs\/061299007704.jpg\" alt=\"\"\/><\/figure>\n\n\n\n<pre class=\"wp-block-preformatted\">Passante de VENEAU Jean - 41\u00e8me avec 45 points<\/pre>\n\n\n\n<figure class=\"wp-block-image size-large\"><img decoding=\"async\" src=\"https:\/\/copain.federation-photo.fr\/webroot\/upload\/competitions\/regional\/2024\/UR06\/compet2\/thumbs\/061299004602.jpg\" alt=\"\"\/><\/figure>\n\n\n\n<pre class=\"wp-block-preformatted\">Santa Catalina de GRIGNON Lo\u00efc - 49\u00e8me avec 44 points<\/pre>\n\n\n\n<figure class=\"wp-block-image size-large\"><img decoding=\"async\" src=\"https:\/\/copain.federation-photo.fr\/webroot\/upload\/competitions\/regional\/2024\/UR06\/compet2\/thumbs\/061299006801.jpg\" alt=\"\"\/><\/figure>\n\n\n\n<pre class=\"wp-block-preformatted\">Indienne et sa ch\u00e8vre de KINON G\u00e9rard - 49\u00e8me avec 44 points<\/pre>\n\n\n\n<figure class=\"wp-block-image size-large\"><img decoding=\"async\" src=\"https:\/\/copain.federation-photo.fr\/webroot\/upload\/competitions\/regional\/2024\/UR06\/compet2\/thumbs\/061299007702.jpg\" alt=\"\"\/><\/figure>\n\n\n\n<pre class=\"wp-block-preformatted\">Mim\u00e9tisme de VENEAU Jean - 49\u00e8me avec 44 points<\/pre>\n\n\n\n<figure class=\"wp-block-image size-large\"><img decoding=\"async\" src=\"https:\/\/copain.federation-photo.fr\/webroot\/upload\/competitions\/regional\/2024\/UR06\/compet2\/thumbs\/061299006802.jpg\" alt=\"\"\/><\/figure>\n\n\n\n<pre class=\"wp-block-preformatted\">un beau sourire de KINON G\u00e9rard - 58\u00e8me avec 43 points<\/pre>\n\n\n\n<figure class=\"wp-block-image size-large\"><img decoding=\"async\" src=\"https:\/\/copain.federation-photo.fr\/webroot\/upload\/competitions\/regional\/2024\/UR06\/compet2\/thumbs\/061299008002.jpg\" alt=\"\"\/><\/figure>\n\n\n\n<pre class=\"wp-block-preformatted\">Visiteur de EVEILLEAU Flavien - 66\u00e8me avec 42 points<\/pre>\n\n\n\n<figure class=\"wp-block-image size-large\"><img decoding=\"async\" src=\"https:\/\/copain.federation-photo.fr\/webroot\/upload\/competitions\/regional\/2024\/UR06\/compet2\/thumbs\/061299004901.jpg\" alt=\"\"\/><\/figure>\n\n\n\n<pre class=\"wp-block-preformatted\">Abeille et Fuchsia de FONTENEL Andr\u00e9 - 76\u00e8me avec 41 points<\/pre>\n\n\n\n<figure class=\"wp-block-image size-large\"><img decoding=\"async\" src=\"https:\/\/copain.federation-photo.fr\/webroot\/upload\/competitions\/regional\/2024\/UR06\/compet2\/thumbs\/061299004902.jpg\" alt=\"\"\/><\/figure>\n\n\n\n<pre class=\"wp-block-preformatted\">Iles Lofoten de FONTENEL Andr\u00e9 - 76\u00e8me avec 41 points<\/pre>\n\n\n\n<figure class=\"wp-block-image size-large\"><img decoding=\"async\" src=\"https:\/\/copain.federation-photo.fr\/webroot\/upload\/competitions\/regional\/2024\/UR06\/compet2\/thumbs\/061299005003.jpg\" alt=\"\"\/><\/figure>\n\n\n\n<pre class=\"wp-block-preformatted\">ombres de LORY Jean-Claude - 76\u00e8me avec 41 points<\/pre>\n\n\n\n<figure class=\"wp-block-image size-large\"><img decoding=\"async\" src=\"https:\/\/copain.federation-photo.fr\/webroot\/upload\/competitions\/regional\/2024\/UR06\/compet2\/thumbs\/061299007701.jpg\" alt=\"\"\/><\/figure>\n\n\n\n<pre class=\"wp-block-preformatted\">Beaut\u00e9s noires de VENEAU Jean - 97\u00e8me avec 39 points<\/pre>\n\n\n\n<figure class=\"wp-block-image size-large\"><img decoding=\"async\" src=\"https:\/\/copain.federation-photo.fr\/webroot\/upload\/competitions\/regional\/2024\/UR06\/compet2\/thumbs\/061299004903.jpg\" alt=\"\"\/><\/figure>\n\n\n\n<pre class=\"wp-block-preformatted\">La coccinelle de FONTENEL Andr\u00e9 - 102\u00e8me avec 38 points<\/pre>\n\n\n\n<figure class=\"wp-block-image size-large\"><img decoding=\"async\" src=\"https:\/\/copain.federation-photo.fr\/webroot\/upload\/competitions\/regional\/2024\/UR06\/compet2\/thumbs\/061299006803.jpg\" alt=\"\"\/><\/figure>\n\n\n\n<pre class=\"wp-block-preformatted\">retour du troupeau de KINON G\u00e9rard - 113\u00e8me avec 37 points<\/pre>\n\n\n\n<figure class=\"wp-block-image size-large\"><img decoding=\"async\" src=\"https:\/\/copain.federation-photo.fr\/webroot\/upload\/competitions\/regional\/2024\/UR06\/compet2\/thumbs\/061299007703.jpg\" alt=\"\"\/><\/figure>\n\n\n\n<pre class=\"wp-block-preformatted\">Graissage de VENEAU Jean - 113\u00e8me avec 37 points<\/pre>\n\n\n\n<figure class=\"wp-block-image size-large\"><img decoding=\"async\" src=\"https:\/\/copain.federation-photo.fr\/webroot\/upload\/competitions\/regional\/2024\/UR06\/compet2\/thumbs\/061299003901.jpg\" alt=\"\"\/><\/figure>\n\n\n\n<pre class=\"wp-block-preformatted\">Lignes bris\u00e9es de RENARD Jeanne - 130\u00e8me avec 35 points<\/pre>\n\n\n\n<figure class=\"wp-block-image size-large\"><img decoding=\"async\" src=\"https:\/\/copain.federation-photo.fr\/webroot\/upload\/competitions\/regional\/2024\/UR06\/compet2\/thumbs\/061299005001.jpg\" alt=\"\"\/><\/figure>\n\n\n\n<pre class=\"wp-block-preformatted\">chenille de LORY Jean-Claude - 138\u00e8me avec 34 points<\/pre>\n\n\n\n<figure class=\"wp-block-image size-large\"><img decoding=\"async\" src=\"https:\/\/copain.federation-photo.fr\/webroot\/upload\/competitions\/regional\/2024\/UR06\/compet2\/thumbs\/061299008001.jpg\" alt=\"\"\/><\/figure>\n\n\n\n<pre class=\"wp-block-preformatted\">Halloween de EVEILLEAU Flavien - 138\u00e8me avec 34 points<\/pre>\n\n\n\n<figure class=\"wp-block-image size-large\"><img decoding=\"async\" src=\"https:\/\/copain.federation-photo.fr\/webroot\/upload\/competitions\/regional\/2024\/UR06\/compet2\/thumbs\/061299005004.jpg\" alt=\"\"\/><\/figure>\n\n\n\n<pre class=\"wp-block-preformatted\">d\u00e9termination de LORY Jean-Claude - 148\u00e8me avec 33 points<\/pre>\n\n\n\n<figure class=\"wp-block-image size-large\"><img decoding=\"async\" src=\"https:\/\/copain.federation-photo.fr\/webroot\/upload\/competitions\/regional\/2024\/UR06\/compet2\/thumbs\/061299003903.jpg\" alt=\"\"\/><\/figure>\n\n\n\n<pre class=\"wp-block-preformatted\">Sans rire de RENARD Jeanne - 157\u00e8me avec 32 points<\/pre>\n\n\n\n<figure class=\"wp-block-image size-large\"><img decoding=\"async\" src=\"https:\/\/copain.federation-photo.fr\/webroot\/upload\/competitions\/regional\/2024\/UR06\/compet2\/thumbs\/061299004904.jpg\" alt=\"\"\/><\/figure>\n\n\n\n<pre class=\"wp-block-preformatted\">Commerce dans la rue de FONTENEL Andr\u00e9 - 157\u00e8me avec 32 points<\/pre>\n\n\n\n<figure class=\"wp-block-image size-large\"><img decoding=\"async\" src=\"https:\/\/copain.federation-photo.fr\/webroot\/upload\/competitions\/regional\/2024\/UR06\/compet2\/thumbs\/061299003904.jpg\" alt=\"\"\/><\/figure>\n\n\n\n<pre class=\"wp-block-preformatted\">Apr\u00e8s la pluie de RENARD Jeanne - 174\u00e8me avec 30 points<\/pre>\n\n\n\n<figure class=\"wp-block-image size-large\"><img decoding=\"async\" src=\"https:\/\/copain.federation-photo.fr\/webroot\/upload\/competitions\/regional\/2024\/UR06\/compet2\/thumbs\/061299003902.jpg\" alt=\"\"\/><\/figure>\n\n\n\n<pre class=\"wp-block-preformatted\">Refuge de RENARD Jeanne - 177\u00e8me avec 29 points<\/pre>\n\n\n\n<hr class=\"wp-block-separator has-alpha-channel-opacity\"\/>\n\n\n<p><span style=\"text-decoration: underline;\">Classement clubs<\/span><\/p>\n\n<table id=\"tableau_compet_clubs\" class=\"table table-hover tablesorter\">\n<thead>\n<tr>\n<th class=\"header\">UR<\/th>\n<th class=\"header\">Club<\/th>\n<th class=\"header\">Total<\/th>\n<th class=\"header\">Rang<\/th>\n<\/tr>\n<\/thead>\n<tbody>\n<tr>\n<td>06<\/td>\n<td>1929 &#8211; D\u00e9clic Image Leg\u00e9 44<\/td>\n<td>300<\/td>\n<td>1<\/td>\n<\/tr>\n<tr>\n<td>06<\/td>\n<td><strong>1299 &#8211; Photo Vid\u00e9o Club Georges-M\u00e9lies-Mayet<\/strong><\/td>\n<td><strong>300<\/strong><\/td>\n<td><strong>1<\/strong><\/td>\n<\/tr>\n<tr>\n<td>06<\/td>\n<td>2256 &#8211; La Photo Simplement Bellevigny<\/td>\n<td>290<\/td>\n<td>3<\/td>\n<\/tr>\n<tr>\n<td>06<\/td>\n<td>2292 &#8211; Arr\u00eat sur Image-Photo club de Talmont St Hilaire<\/td>\n<td>281<\/td>\n<td>4<\/td>\n<\/tr>\n<tr>\n<td>06<\/td>\n<td>1360 &#8211; Focale 49 Montreuil Juign\u00e9<\/td>\n<td>281<\/td>\n<td>4<\/td>\n<\/tr>\n<tr>\n<td>06<\/td>\n<td>1521 &#8211; Photo Club Br\u00e9tignollais<\/td>\n<td>270<\/td>\n<td>6<\/td>\n<\/tr>\n<tr>\n<td>06<\/td>\n<td>2385 &#8211; ZOOM44<\/td>\n<td>251<\/td>\n<td>7<\/td>\n<\/tr>\n<tr>\n<td>06<\/td>\n<td>0415 &#8211; Photo Vid\u00e9o Club Saint-Nazaire 44<\/td>\n<td>211<\/td>\n<td>8<\/td>\n<\/tr>\n<tr>\n<td>06<\/td>\n<td>0898 &#8211; Focale 85<\/td>\n<td>204<\/td>\n<td>9<\/td>\n<\/tr>\n<tr>\n<td>06<\/td>\n<td>1890 &#8211; Photo Club de Pornichet<\/td>\n<td>185<\/td>\n<td>10<\/td>\n<\/tr>\n<tr>\n<td>06<\/td>\n<td>1860 &#8211; Atelier Photo U I A &#8211; St Nazaire<\/td>\n<td>35<\/td>\n<td>11<\/td>\n<\/tr>\n<\/tbody>\n<\/table>\n\n\n<hr class=\"wp-block-separator has-alpha-channel-opacity\"\/>\n","protected":false},"excerpt":{"rendered":"<p>Date de comp\u00e9tition: 09\/03\/2024Date de r\u00e9sultats:\u00a0 \u00a0 \u00a0 12\/03\/2024 R\u00e9sultat du Photo Vid\u00e9o Club Georges-M\u00e9li\u00e8s-Mayet. Suivre ce lien pour voir la totalit\u00e9 du classement : https:\/\/copain.federation-photo.fr\/webroot\/competitions\/classement_ur\/photos\/3390 Classement auteurs L&rsquo;\u00e9colier de GRIGNON Lo\u00efc &#8211; 1er avec 56 points &#8211; Coup de C\u0153ur juge 1 Carnaval de MILLET Florence &#8211; 7\u00e8me avec 51 points regard d&rsquo;indien de &hellip; <\/p>\n<p class=\"link-more\"><a href=\"https:\/\/photovideoclubmayet72.com\/index.php\/2024\/03\/13\/ur-06-regional-papier-couleur-2024-classement-photos\/\" class=\"more-link\">Continuer la lecture<span class=\"screen-reader-text\"> de &laquo;&nbsp;UR 06 &#8211; R\u00e9gional Papier Couleur &#8211; 2024 &#8211; Classement photos&nbsp;&raquo;<\/span><\/a><\/p>\n","protected":false},"author":1,"featured_media":0,"comment_status":"closed","ping_status":"open","sticky":false,"template":"","format":"standard","meta":{"footnotes":""},"categories":[7],"tags":[],"class_list":["post-501","post","type-post","status-publish","format-standard","hentry","category-resultats-concours"],"_links":{"self":[{"href":"https:\/\/photovideoclubmayet72.com\/index.php\/wp-json\/wp\/v2\/posts\/501","targetHints":{"allow":["GET"]}}],"collection":[{"href":"https:\/\/photovideoclubmayet72.com\/index.php\/wp-json\/wp\/v2\/posts"}],"about":[{"href":"https:\/\/photovideoclubmayet72.com\/index.php\/wp-json\/wp\/v2\/types\/post"}],"author":[{"embeddable":true,"href":"https:\/\/photovideoclubmayet72.com\/index.php\/wp-json\/wp\/v2\/users\/1"}],"replies":[{"embeddable":true,"href":"https:\/\/photovideoclubmayet72.com\/index.php\/wp-json\/wp\/v2\/comments?post=501"}],"version-history":[{"count":1,"href":"https:\/\/photovideoclubmayet72.com\/index.php\/wp-json\/wp\/v2\/posts\/501\/revisions"}],"predecessor-version":[{"id":502,"href":"https:\/\/photovideoclubmayet72.com\/index.php\/wp-json\/wp\/v2\/posts\/501\/revisions\/502"}],"wp:attachment":[{"href":"https:\/\/photovideoclubmayet72.com\/index.php\/wp-json\/wp\/v2\/media?parent=501"}],"wp:term":[{"taxonomy":"category","embeddable":true,"href":"https:\/\/photovideoclubmayet72.com\/index.php\/wp-json\/wp\/v2\/categories?post=501"},{"taxonomy":"post_tag","embeddable":true,"href":"https:\/\/photovideoclubmayet72.com\/index.php\/wp-json\/wp\/v2\/tags?post=501"}],"curies":[{"name":"wp","href":"https:\/\/api.w.org\/{rel}","templated":true}]}}