{"id":389,"date":"2024-02-09T10:52:53","date_gmt":"2024-02-09T09:52:53","guid":{"rendered":"https:\/\/photovideoclubmayet72.com\/?p=389"},"modified":"2024-04-19T11:40:02","modified_gmt":"2024-04-19T09:40:02","slug":"challengeur06-defi-03-photo-de-nuit-couleur-ou-monochrome-classement-photos-2024","status":"publish","type":"post","link":"https:\/\/photovideoclubmayet72.com\/index.php\/2024\/02\/09\/challengeur06-defi-03-photo-de-nuit-couleur-ou-monochrome-classement-photos-2024\/","title":{"rendered":"ChallengeUR06 &#8211; D\u00e9fi 03 &#8211; Photo de nuit  &#8211; Couleur ou Monochrome &#8211; Classement photos &#8211; 2024"},"content":{"rendered":"\n<p><strong>R\u00e9sultat du Photo Vid\u00e9o Club Georges M\u00e9li\u00e8s de Mayet.<\/strong><\/p>\n\n\n<h5><kbd><em><strong>Date de comp\u00e9tition<\/strong>: 05\/02\/2024<br \/><strong>Date de r\u00e9sultats<\/strong>:\u00a0 \u00a008\/02\/2024<\/em><\/kbd><\/h5>\n\n\n<p>Suivre ce lien pour voir l&rsquo;ensemble des photos :<\/p>\n\n\n<p><span style=\"color: #ff9900;\"><a style=\"color: #ff9900;\" href=\"https:\/\/copain.federation-photo.fr\/webroot\/competitions\/classement_ur\/photos\/3407\">https:\/\/copain.federation-photo.fr\/webroot\/competitions\/classement_ur\/photos\/3407<\/a><\/span><\/p>\n<p><span style=\"text-decoration: underline;\">Classement auteurs<\/span><\/p>\n\n\n<figure class=\"wp-block-image size-large\"><img decoding=\"async\" src=\"https:\/\/copain.federation-photo.fr\/webroot\/upload\/competitions\/regional\/2024\/UR06\/compet12\/thumbs\/061299004601.jpg\" alt=\"\"\/><\/figure>\n\n\n\n<pre class=\"wp-block-preformatted\">Noctambule de GRIGNON Lo\u00efc - 4\u00e8me avec 50 points<\/pre>\n\n\n\n<figure class=\"wp-block-image size-large\"><img decoding=\"async\" src=\"https:\/\/copain.federation-photo.fr\/webroot\/upload\/competitions\/regional\/2024\/UR06\/compet12\/thumbs\/061299007701.jpg\" alt=\"\"\/><\/figure>\n\n\n\n<pre class=\"wp-block-preformatted\">Arbre de lumi\u00e8re de VENEAU Jean - 9\u00e8me avec 48 points<\/pre>\n\n\n\n<figure class=\"wp-block-image size-large\"><img decoding=\"async\" src=\"https:\/\/copain.federation-photo.fr\/webroot\/upload\/competitions\/regional\/2024\/UR06\/compet12\/thumbs\/061299004901.jpg\" alt=\"\"\/><\/figure>\n\n\n\n<pre class=\"wp-block-preformatted\">Pointe St Mathieu de FONTENEL Andr\u00e9 - 25\u00e8me avec 44 points<\/pre>\n\n\n\n<figure class=\"wp-block-image size-large\"><img decoding=\"async\" src=\"https:\/\/copain.federation-photo.fr\/webroot\/upload\/competitions\/regional\/2024\/UR06\/compet12\/thumbs\/061299008001.jpg\" alt=\"\"\/><\/figure>\n\n\n\n<pre class=\"wp-block-preformatted\">Lev\u00e9 sur Mayet de EVEILLEAU Flavien - 43\u00e8me avec 40 points<\/pre>\n\n\n\n<figure class=\"wp-block-image size-large\"><img decoding=\"async\" src=\"https:\/\/copain.federation-photo.fr\/webroot\/upload\/competitions\/regional\/2024\/UR06\/compet12\/thumbs\/061299006101.jpg\" alt=\"\"\/><\/figure>\n\n\n\n<pre class=\"wp-block-preformatted\">Moissons de BLACHERE Marc - 77\u00e8me avec 33 points<\/pre>\n\n\n\n<figure class=\"wp-block-image size-large\"><img decoding=\"async\" src=\"https:\/\/copain.federation-photo.fr\/webroot\/upload\/competitions\/regional\/2024\/UR06\/compet12\/thumbs\/061299006801.jpg\" alt=\"\"\/><\/figure>\n\n\n\n<pre class=\"wp-block-preformatted\">Bassin du Dragon de KINON G\u00e9rard - 77\u00e8me avec 33 points<\/pre>\n\n\n\n<figure class=\"wp-block-image size-large\"><img decoding=\"async\" src=\"https:\/\/copain.federation-photo.fr\/webroot\/upload\/competitions\/regional\/2024\/UR06\/compet12\/thumbs\/061299005901.jpg\" alt=\"\"\/><\/figure>\n\n\n\n<pre class=\"wp-block-preformatted\">Lumi\u00e8res de nuit \u00e0 Barcelone de DEVAUX Nadine - 85\u00e8me avec 32 points<\/pre>\n\n\n\n<hr class=\"wp-block-separator has-alpha-channel-opacity\"\/>\n\n\n<p><strong>Prochain d\u00e9fi<\/strong>\u00a0&#8211; Automobile et compagnie (Couleur) &#8211; Inscription du 01\/03\/2024 au 29\/03\/2024.<\/p>\n<\/p>\n\n\n<hr class=\"wp-block-separator has-alpha-channel-opacity\"\/>\n","protected":false},"excerpt":{"rendered":"<p>R\u00e9sultat du Photo Vid\u00e9o Club Georges M\u00e9li\u00e8s de Mayet. Date de comp\u00e9tition: 05\/02\/2024Date de r\u00e9sultats:\u00a0 \u00a008\/02\/2024 Suivre ce lien pour voir l&rsquo;ensemble des photos : https:\/\/copain.federation-photo.fr\/webroot\/competitions\/classement_ur\/photos\/3407 Classement auteurs Noctambule de GRIGNON Lo\u00efc &#8211; 4\u00e8me avec 50 points Arbre de lumi\u00e8re de VENEAU Jean &#8211; 9\u00e8me avec 48 points Pointe St Mathieu de FONTENEL Andr\u00e9 &#8211; &hellip; <\/p>\n<p class=\"link-more\"><a href=\"https:\/\/photovideoclubmayet72.com\/index.php\/2024\/02\/09\/challengeur06-defi-03-photo-de-nuit-couleur-ou-monochrome-classement-photos-2024\/\" class=\"more-link\">Continuer la lecture<span class=\"screen-reader-text\"> de &laquo;&nbsp;ChallengeUR06 &#8211; D\u00e9fi 03 &#8211; Photo de nuit  &#8211; Couleur ou Monochrome &#8211; Classement photos &#8211; 2024&nbsp;&raquo;<\/span><\/a><\/p>\n","protected":false},"author":1,"featured_media":0,"comment_status":"closed","ping_status":"open","sticky":false,"template":"","format":"standard","meta":{"footnotes":""},"categories":[7],"tags":[],"class_list":["post-389","post","type-post","status-publish","format-standard","hentry","category-resultats-concours"],"_links":{"self":[{"href":"https:\/\/photovideoclubmayet72.com\/index.php\/wp-json\/wp\/v2\/posts\/389","targetHints":{"allow":["GET"]}}],"collection":[{"href":"https:\/\/photovideoclubmayet72.com\/index.php\/wp-json\/wp\/v2\/posts"}],"about":[{"href":"https:\/\/photovideoclubmayet72.com\/index.php\/wp-json\/wp\/v2\/types\/post"}],"author":[{"embeddable":true,"href":"https:\/\/photovideoclubmayet72.com\/index.php\/wp-json\/wp\/v2\/users\/1"}],"replies":[{"embeddable":true,"href":"https:\/\/photovideoclubmayet72.com\/index.php\/wp-json\/wp\/v2\/comments?post=389"}],"version-history":[{"count":7,"href":"https:\/\/photovideoclubmayet72.com\/index.php\/wp-json\/wp\/v2\/posts\/389\/revisions"}],"predecessor-version":[{"id":516,"href":"https:\/\/photovideoclubmayet72.com\/index.php\/wp-json\/wp\/v2\/posts\/389\/revisions\/516"}],"wp:attachment":[{"href":"https:\/\/photovideoclubmayet72.com\/index.php\/wp-json\/wp\/v2\/media?parent=389"}],"wp:term":[{"taxonomy":"category","embeddable":true,"href":"https:\/\/photovideoclubmayet72.com\/index.php\/wp-json\/wp\/v2\/categories?post=389"},{"taxonomy":"post_tag","embeddable":true,"href":"https:\/\/photovideoclubmayet72.com\/index.php\/wp-json\/wp\/v2\/tags?post=389"}],"curies":[{"name":"wp","href":"https:\/\/api.w.org\/{rel}","templated":true}]}}