{"id":1734,"date":"2025-03-24T14:44:13","date_gmt":"2025-03-24T13:44:13","guid":{"rendered":"https:\/\/photovideoclubmayet72.com\/?p=1734"},"modified":"2025-03-24T14:44:13","modified_gmt":"2025-03-24T13:44:13","slug":"ur-06-papier-monochrome-classement-photos-2025","status":"publish","type":"post","link":"https:\/\/photovideoclubmayet72.com\/index.php\/2025\/03\/24\/ur-06-papier-monochrome-classement-photos-2025\/","title":{"rendered":"UR 06 &#8211; Papier Monochrome &#8211; Classement photos &#8211; 2025"},"content":{"rendered":"\n<p class=\"has-small-font-size\"><strong>Date de comp\u00e9tition<\/strong>: 01\/03\/2025<br><strong>Date de r\u00e9sultats<\/strong>: 06\/03\/2025<\/p>\n\n\n\n<p class=\"has-small-font-size\"><strong>R\u00e9sultat du Photo Vid\u00e9o Club Georges&nbsp;M\u00e9li\u00e8s de Mayet.<\/strong><\/p>\n\n\n\n<p class=\"has-small-font-size\">Suivre ce lien pour voir l\u2019ensemble des photos&nbsp;:<\/p>\n\n\n\n<p class=\"has-luminous-vivid-orange-color has-text-color has-link-color has-small-font-size wp-elements-aa75a4d7a7ee0c4abeb253693acc7baf\"><a href=\"https:\/\/copain.federation-photo.fr\/webroot\/competitions\/classement_ur\/photos\/3750\">https:\/\/copain.federation-photo.fr\/webroot\/competitions\/classement_ur\/photos\/3750<\/a><\/p>\n\n\n\n<figure class=\"wp-block-image size-large\"><img decoding=\"async\" src=\"https:\/\/copain.federation-photo.fr\/webroot\/upload\/competitions\/regional\/2025\/UR06\/compet1\/thumbs\/061299004604.jpg\" alt=\"\"\/><\/figure>\n\n\n\n<pre class=\"wp-block-preformatted has-small-font-size\">Homme au chapeau de GRIGNON Lo\u00efc - 9<sup>e<\/sup> avec 51 points<\/pre>\n\n\n\n<figure class=\"wp-block-image size-large\"><img decoding=\"async\" src=\"https:\/\/copain.federation-photo.fr\/webroot\/upload\/competitions\/regional\/2025\/UR06\/compet1\/thumbs\/061299003901.jpg\" alt=\"\"\/><\/figure>\n\n\n\n<pre class=\"wp-block-preformatted has-small-font-size\">Artiste de RENARD Jeanne - 12<sup>e<\/sup> avec 50 points<\/pre>\n\n\n\n<figure class=\"wp-block-image size-large\"><img decoding=\"async\" src=\"https:\/\/copain.federation-photo.fr\/webroot\/upload\/competitions\/regional\/2025\/UR06\/compet1\/thumbs\/061299004603.jpg\" alt=\"\"\/><\/figure>\n\n\n\n<pre class=\"wp-block-preformatted has-small-font-size\">Famille chapeau de GRIGNON Lo\u00efc - 19<sup>e<\/sup> avec 48 points<\/pre>\n\n\n\n<figure class=\"wp-block-image size-large\"><img decoding=\"async\" src=\"https:\/\/copain.federation-photo.fr\/webroot\/upload\/competitions\/regional\/2025\/UR06\/compet1\/thumbs\/061299004601.jpg\" alt=\"\"\/><\/figure>\n\n\n\n<pre class=\"wp-block-preformatted has-small-font-size\">Sieste en pirogue de GRIGNON Lo\u00efc - 27<sup>e<\/sup> avec 46 points<\/pre>\n\n\n\n<figure class=\"wp-block-image size-large\"><img decoding=\"async\" src=\"https:\/\/copain.federation-photo.fr\/webroot\/upload\/competitions\/regional\/2025\/UR06\/compet1\/thumbs\/061299007703.jpg\" alt=\"\"\/><\/figure>\n\n\n\n<pre class=\"wp-block-preformatted has-small-font-size\">Il manque l'h\u00e9lice de VENEAU Jean - 32<sup>e<\/sup> avec 45 points<\/pre>\n\n\n\n<figure class=\"wp-block-image size-large\"><img decoding=\"async\" src=\"https:\/\/copain.federation-photo.fr\/webroot\/upload\/competitions\/regional\/2025\/UR06\/compet1\/thumbs\/061299007702.jpg\" alt=\"\"\/><\/figure>\n\n\n\n<pre class=\"wp-block-preformatted has-small-font-size\">Route t\u00e9n\u00e9breuse de VENEAU Jean - 39<sup>e<\/sup> avec 44 points<\/pre>\n\n\n\n<figure class=\"wp-block-image size-large\"><img decoding=\"async\" src=\"https:\/\/copain.federation-photo.fr\/webroot\/upload\/competitions\/regional\/2025\/UR06\/compet1\/thumbs\/061299007701.jpg\" alt=\"\"\/><\/figure>\n\n\n\n<pre class=\"wp-block-preformatted has-small-font-size\">A hue et \u00e0 Dia de VENEAU Jean - 47<sup>e<\/sup> avec 43 points<\/pre>\n\n\n\n<figure class=\"wp-block-image size-large\"><img decoding=\"async\" src=\"https:\/\/copain.federation-photo.fr\/webroot\/upload\/competitions\/regional\/2025\/UR06\/compet1\/thumbs\/061299004901.jpg\" alt=\"\"\/><\/figure>\n\n\n\n<pre class=\"wp-block-preformatted has-small-font-size\">La nature reprend ses droits de FONTENEL Andr\u00e9 - 61<sup>e<\/sup> avec 41 points<\/pre>\n\n\n\n<figure class=\"wp-block-image size-large\"><img decoding=\"async\" src=\"https:\/\/copain.federation-photo.fr\/webroot\/upload\/competitions\/regional\/2025\/UR06\/compet1\/thumbs\/061299004602.jpg\" alt=\"\"\/><\/figure>\n\n\n\n<pre class=\"wp-block-preformatted has-small-font-size\">Heureuse dans ma pirogue de GRIGNON Lo\u00efc - 89<sup>e<\/sup> avec 37 points<\/pre>\n\n\n\n<figure class=\"wp-block-image size-large\"><img decoding=\"async\" src=\"https:\/\/copain.federation-photo.fr\/webroot\/upload\/competitions\/regional\/2025\/UR06\/compet1\/thumbs\/061299004902.jpg\" alt=\"\"\/><\/figure>\n\n\n\n<pre class=\"wp-block-preformatted has-small-font-size\">Vue sur le Mont Saint Michel de FONTENEL Andr\u00e9 - 114<sup>e<\/sup> avec 33 points<\/pre>\n\n\n\n<figure class=\"wp-block-image size-large\"><img decoding=\"async\" src=\"https:\/\/copain.federation-photo.fr\/webroot\/upload\/competitions\/regional\/2025\/UR06\/compet1\/thumbs\/061299003903.jpg\" alt=\"\"\/><\/figure>\n\n\n\n<pre class=\"wp-block-preformatted has-small-font-size\">En Concert de RENARD Jeanne - 122<sup>e<\/sup> avec 32 points<\/pre>\n\n\n\n<figure class=\"wp-block-image size-large\"><img decoding=\"async\" src=\"https:\/\/copain.federation-photo.fr\/webroot\/upload\/competitions\/regional\/2025\/UR06\/compet1\/thumbs\/061299007704.jpg\" alt=\"\"\/><\/figure>\n\n\n\n<pre class=\"wp-block-preformatted has-small-font-size\">En Voiture \u00e0 3 roues de VENEAU Jean - 122<sup>e<\/sup> avec 32 points<\/pre>\n\n\n\n<figure class=\"wp-block-image size-large\"><img decoding=\"async\" src=\"https:\/\/copain.federation-photo.fr\/webroot\/upload\/competitions\/regional\/2025\/UR06\/compet1\/thumbs\/061299004903.jpg\" alt=\"\"\/><\/figure>\n\n\n\n<pre class=\"wp-block-preformatted has-small-font-size\">Reflets \u00e0 Quiberon de FONTENEL Andr\u00e9 - 137<sup>e<\/sup> avec 30 points<\/pre>\n\n\n\n<figure class=\"wp-block-image size-large\"><img decoding=\"async\" src=\"https:\/\/copain.federation-photo.fr\/webroot\/upload\/competitions\/regional\/2025\/UR06\/compet1\/thumbs\/061299004904.jpg\" alt=\"\"\/><\/figure>\n\n\n\n<pre class=\"wp-block-preformatted has-small-font-size\">Travers\u00e9e de la baie du Mont St Michel de FONTENEL Andr\u00e9 - 137<sup>e<\/sup> avec 30 points<\/pre>\n\n\n\n<figure class=\"wp-block-image size-large\"><img decoding=\"async\" src=\"https:\/\/copain.federation-photo.fr\/webroot\/upload\/competitions\/regional\/2025\/UR06\/compet1\/thumbs\/061299003904.jpg\" alt=\"\"\/><\/figure>\n\n\n\n<pre class=\"wp-block-preformatted has-small-font-size\">Portrait de RENARD Jeanne - 141<sup>e<\/sup> avec 29 points<\/pre>\n\n\n\n<figure class=\"wp-block-image size-large\"><img decoding=\"async\" src=\"https:\/\/copain.federation-photo.fr\/webroot\/upload\/competitions\/regional\/2025\/UR06\/compet1\/thumbs\/061299003902.jpg\" alt=\"\"\/><\/figure>\n\n\n\n<pre class=\"wp-block-preformatted has-small-font-size\">Bord de Mer de RENARD Jeanne - 144<sup>e<\/sup> avec 28 points<\/pre>\n\n\n\n<hr class=\"wp-block-separator has-alpha-channel-opacity\"\/>\n\n\n\n<p class=\"has-text-align-center\"><span style=\"text-decoration: underline;\"><strong>Classement clubs<\/strong><\/span><\/p>\n\n\n\n<figure class=\"wp-block-table is-style-stripes has-small-font-size\"><table class=\"has-fixed-layout\"><thead><tr><th>Club<\/th><th>Total<\/th><th>Rang<\/th><\/tr><\/thead><tbody><tr><td>Huisne Photo Club<\/td><td>323<\/td><td>1<\/td><\/tr><tr><td>Photo Club Br\u00e9tignollais<\/td><td>304<\/td><td>2<\/td><\/tr><tr><td><strong>Photo Vid\u00e9o Club Georges-M\u00e9li\u00e8s-Mayet<\/strong><\/td><td><strong>284<\/strong><\/td><td><strong>3<\/strong><\/td><\/tr><tr><td>La Photo Simplement Bellevigny<\/td><td>281<\/td><td>4<\/td><\/tr><tr><td>ZOOM44<\/td><td>255<\/td><td>5<\/td><\/tr><tr><td>Arr\u00eat sur Image-Photo club de Talmont St Hilaire<\/td><td>235<\/td><td>6<\/td><\/tr><tr><td>Focale 49 Montreuil Juign\u00e9<\/td><td>226<\/td><td>7<\/td><\/tr><tr><td>Marche-Image PC en Terre de Bri\u00e8re \u00e0 Montoir-de-Bretagne<\/td><td>114<\/td><td>8<\/td><\/tr><tr><td>Atelier Photo U I A &#8211; St Nazaire<\/td><td>76<\/td><td>9<\/td><\/tr><\/tbody><\/table><\/figure>\n\n\n\n<hr class=\"wp-block-separator has-alpha-channel-opacity\"\/>\n","protected":false},"excerpt":{"rendered":"<p>Date de comp\u00e9tition: 01\/03\/2025Date de r\u00e9sultats: 06\/03\/2025 R\u00e9sultat du Photo Vid\u00e9o Club Georges&nbsp;M\u00e9li\u00e8s de Mayet. Suivre ce lien pour voir l\u2019ensemble des photos&nbsp;: https:\/\/copain.federation-photo.fr\/webroot\/competitions\/classement_ur\/photos\/3750 Homme au chapeau de GRIGNON Lo\u00efc &#8211; 9e avec 51 points Artiste de RENARD Jeanne &#8211; 12e avec 50 points Famille chapeau de GRIGNON Lo\u00efc &#8211; 19e avec 48 points Sieste &hellip; <\/p>\n<p class=\"link-more\"><a href=\"https:\/\/photovideoclubmayet72.com\/index.php\/2025\/03\/24\/ur-06-papier-monochrome-classement-photos-2025\/\" class=\"more-link\">Continuer la lecture<span class=\"screen-reader-text\"> de &laquo;&nbsp;UR 06 &#8211; Papier Monochrome &#8211; Classement photos &#8211; 2025&nbsp;&raquo;<\/span><\/a><\/p>\n","protected":false},"author":1,"featured_media":0,"comment_status":"closed","ping_status":"open","sticky":false,"template":"","format":"standard","meta":{"footnotes":""},"categories":[7],"tags":[],"class_list":["post-1734","post","type-post","status-publish","format-standard","hentry","category-resultats-concours"],"_links":{"self":[{"href":"https:\/\/photovideoclubmayet72.com\/index.php\/wp-json\/wp\/v2\/posts\/1734","targetHints":{"allow":["GET"]}}],"collection":[{"href":"https:\/\/photovideoclubmayet72.com\/index.php\/wp-json\/wp\/v2\/posts"}],"about":[{"href":"https:\/\/photovideoclubmayet72.com\/index.php\/wp-json\/wp\/v2\/types\/post"}],"author":[{"embeddable":true,"href":"https:\/\/photovideoclubmayet72.com\/index.php\/wp-json\/wp\/v2\/users\/1"}],"replies":[{"embeddable":true,"href":"https:\/\/photovideoclubmayet72.com\/index.php\/wp-json\/wp\/v2\/comments?post=1734"}],"version-history":[{"count":1,"href":"https:\/\/photovideoclubmayet72.com\/index.php\/wp-json\/wp\/v2\/posts\/1734\/revisions"}],"predecessor-version":[{"id":1735,"href":"https:\/\/photovideoclubmayet72.com\/index.php\/wp-json\/wp\/v2\/posts\/1734\/revisions\/1735"}],"wp:attachment":[{"href":"https:\/\/photovideoclubmayet72.com\/index.php\/wp-json\/wp\/v2\/media?parent=1734"}],"wp:term":[{"taxonomy":"category","embeddable":true,"href":"https:\/\/photovideoclubmayet72.com\/index.php\/wp-json\/wp\/v2\/categories?post=1734"},{"taxonomy":"post_tag","embeddable":true,"href":"https:\/\/photovideoclubmayet72.com\/index.php\/wp-json\/wp\/v2\/tags?post=1734"}],"curies":[{"name":"wp","href":"https:\/\/api.w.org\/{rel}","templated":true}]}}