{"id":1726,"date":"2025-03-24T12:07:29","date_gmt":"2025-03-24T11:07:29","guid":{"rendered":"https:\/\/photovideoclubmayet72.com\/?p=1726"},"modified":"2025-03-24T12:07:29","modified_gmt":"2025-03-24T11:07:29","slug":"ur-06-image-projetee-couleur-classement-photos-2025","status":"publish","type":"post","link":"https:\/\/photovideoclubmayet72.com\/index.php\/2025\/03\/24\/ur-06-image-projetee-couleur-classement-photos-2025\/","title":{"rendered":"UR 06 &#8211; Image Projet\u00e9e Couleur &#8211; Classement photos &#8211; 2025"},"content":{"rendered":"\n<p class=\"has-small-font-size\"><strong>Date de comp\u00e9tition<\/strong>: 13\/03\/2025<br><strong>Date de r\u00e9sultats<\/strong>: 14\/03\/2025<\/p>\n\n\n\n<p class=\"has-small-font-size\"><strong>R\u00e9sultat du Photo Vid\u00e9o Club Georges&nbsp;M\u00e9li\u00e8s de Mayet.<\/strong><\/p>\n\n\n\n<p class=\"has-small-font-size\">Suivre ce lien pour voir l\u2019ensemble des photos&nbsp;:<\/p>\n\n\n\n<p class=\"has-luminous-vivid-orange-color has-text-color has-link-color has-small-font-size wp-elements-a19daa163ef5964f24c154c7cc0c4bde\"><a href=\"https:\/\/copain.federation-photo.fr\/webroot\/competitions\/classement_ur\/photos\/3753\">https:\/\/copain.federation-photo.fr\/webroot\/competitions\/classement_ur\/photos\/3753<\/a><\/p>\n\n\n\n<figure class=\"wp-block-image size-large\"><img decoding=\"async\" src=\"https:\/\/copain.federation-photo.fr\/webroot\/upload\/competitions\/regional\/2025\/UR06\/compet4\/thumbs\/061299004601.jpg\" alt=\"\"\/><\/figure>\n\n\n\n<pre class=\"wp-block-preformatted has-small-font-size\">Tram de GRIGNON Lo\u00efc - 24<sup>e<\/sup> avec 46 points<\/pre>\n\n\n\n<figure class=\"wp-block-image size-large\"><img decoding=\"async\" src=\"https:\/\/copain.federation-photo.fr\/webroot\/upload\/competitions\/regional\/2025\/UR06\/compet4\/thumbs\/061299007601.jpg\" alt=\"\"\/><\/figure>\n\n\n\n<pre class=\"wp-block-preformatted has-small-font-size\">Sous la pluie de LOUIS Daniel - 43<sup>e<\/sup> avec 44 points<\/pre>\n\n\n\n<figure class=\"wp-block-image size-large\"><img decoding=\"async\" src=\"https:\/\/copain.federation-photo.fr\/webroot\/upload\/competitions\/regional\/2025\/UR06\/compet4\/thumbs\/061299007602.jpg\" alt=\"\"\/><\/figure>\n\n\n\n<pre class=\"wp-block-preformatted has-small-font-size\">Tours duo de LOUIS Daniel - 43<sup>e<\/sup> avec 44 points<\/pre>\n\n\n\n<figure class=\"wp-block-image size-large\"><img decoding=\"async\" src=\"https:\/\/copain.federation-photo.fr\/webroot\/upload\/competitions\/regional\/2025\/UR06\/compet4\/thumbs\/061299007603.jpg\" alt=\"\"\/><\/figure>\n\n\n\n<pre class=\"wp-block-preformatted has-small-font-size\">Brouillard de LOUIS Daniel - 63<sup>e<\/sup> avec 43 points<\/pre>\n\n\n\n<figure class=\"wp-block-image size-large\"><img decoding=\"async\" src=\"https:\/\/copain.federation-photo.fr\/webroot\/upload\/competitions\/regional\/2025\/UR06\/compet4\/thumbs\/061299004602.jpg\" alt=\"\"\/><\/figure>\n\n\n\n<pre class=\"wp-block-preformatted has-small-font-size\">Bolivar de GRIGNON Lo\u00efc - 102<sup>e<\/sup> avec 41 points<\/pre>\n\n\n\n<figure class=\"wp-block-image size-large\"><img decoding=\"async\" src=\"https:\/\/copain.federation-photo.fr\/webroot\/upload\/competitions\/regional\/2025\/UR06\/compet4\/thumbs\/061299004603.jpg\" alt=\"\"\/><\/figure>\n\n\n\n<pre class=\"wp-block-preformatted has-small-font-size\">Bushman de GRIGNON Lo\u00efc - 102<sup>e<\/sup> avec 41 points<\/pre>\n\n\n\n<figure class=\"wp-block-image size-large\"><img decoding=\"async\" src=\"https:\/\/copain.federation-photo.fr\/webroot\/upload\/competitions\/regional\/2025\/UR06\/compet4\/thumbs\/061299004604.jpg\" alt=\"\"\/><\/figure>\n\n\n\n<pre class=\"wp-block-preformatted has-small-font-size\">Dans les couleurs d'automne de GRIGNON Lo\u00efc - 155<sup>e<\/sup> avec 39 points<\/pre>\n\n\n\n<figure class=\"wp-block-image size-large\"><img decoding=\"async\" src=\"https:\/\/copain.federation-photo.fr\/webroot\/upload\/competitions\/regional\/2025\/UR06\/compet4\/thumbs\/061299007604.jpg\" alt=\"\"\/><\/figure>\n\n\n\n<pre class=\"wp-block-preformatted has-small-font-size\">Chaise de LOUIS Daniel - 175<sup>e<\/sup> avec 38 points<\/pre>\n\n\n\n<figure class=\"wp-block-image size-large\"><img decoding=\"async\" src=\"https:\/\/copain.federation-photo.fr\/webroot\/upload\/competitions\/regional\/2025\/UR06\/compet4\/thumbs\/061299007701.jpg\" alt=\"\"\/><\/figure>\n\n\n\n<pre class=\"wp-block-preformatted has-small-font-size\">Danse au March\u00e9 de VENEAU Jean - 227<sup>e<\/sup> avec 36 points<\/pre>\n\n\n\n<figure class=\"wp-block-image size-large\"><img decoding=\"async\" src=\"https:\/\/copain.federation-photo.fr\/webroot\/upload\/competitions\/regional\/2025\/UR06\/compet4\/thumbs\/061299003902.jpg\" alt=\"\"\/><\/figure>\n\n\n\n<pre class=\"wp-block-preformatted has-small-font-size\">Attente de RENARD Jeanne - 311<sup>e<\/sup> avec 33 points<\/pre>\n\n\n\n<figure class=\"wp-block-image size-large\"><img decoding=\"async\" src=\"https:\/\/copain.federation-photo.fr\/webroot\/upload\/competitions\/regional\/2025\/UR06\/compet4\/thumbs\/061299007703.jpg\" alt=\"\"\/><\/figure>\n\n\n\n<pre class=\"wp-block-preformatted has-small-font-size\">Pose Tintin de VENEAU Jean - 311<sup>e<\/sup> avec 33 points<\/pre>\n\n\n\n<figure class=\"wp-block-image size-large\"><img decoding=\"async\" src=\"https:\/\/copain.federation-photo.fr\/webroot\/upload\/competitions\/regional\/2025\/UR06\/compet4\/thumbs\/061299003903.jpg\" alt=\"\"\/><\/figure>\n\n\n\n<pre class=\"wp-block-preformatted has-small-font-size\">Solitaire de RENARD Jeanne - 340<sup>e<\/sup> avec 32 points<\/pre>\n\n\n\n<figure class=\"wp-block-image size-large\"><img decoding=\"async\" src=\"https:\/\/copain.federation-photo.fr\/webroot\/upload\/competitions\/regional\/2025\/UR06\/compet4\/thumbs\/061299007704.jpg\" alt=\"\"\/><\/figure>\n\n\n\n<pre class=\"wp-block-preformatted has-small-font-size\">Au feu de VENEAU Jean - 340<sup>e<\/sup> avec 32 points<\/pre>\n\n\n\n<figure class=\"wp-block-image size-large\"><img decoding=\"async\" src=\"https:\/\/copain.federation-photo.fr\/webroot\/upload\/competitions\/regional\/2025\/UR06\/compet4\/thumbs\/061299003901.jpg\" alt=\"\"\/><\/figure>\n\n\n\n<pre class=\"wp-block-preformatted has-small-font-size\">Amour de RENARD Jeanne - 388<sup>e<\/sup> avec 29 points<\/pre>\n\n\n\n<figure class=\"wp-block-image size-large\"><img decoding=\"async\" src=\"https:\/\/copain.federation-photo.fr\/webroot\/upload\/competitions\/regional\/2025\/UR06\/compet4\/thumbs\/061299007702.jpg\" alt=\"\"\/><\/figure>\n\n\n\n<pre class=\"wp-block-preformatted has-small-font-size\">Bien encadr\u00e9es de VENEAU Jean - 392<sup>e<\/sup> avec 28 points<\/pre>\n\n\n\n<figure class=\"wp-block-image size-large\"><img decoding=\"async\" src=\"https:\/\/copain.federation-photo.fr\/webroot\/upload\/competitions\/regional\/2025\/UR06\/compet4\/thumbs\/061299003904.jpg\" alt=\"\"\/><\/figure>\n\n\n\n<pre class=\"wp-block-preformatted has-small-font-size\">Lichen de RENARD Jeanne - 396<sup>e<\/sup> avec 27 points<\/pre>\n\n\n\n<hr class=\"wp-block-separator has-alpha-channel-opacity\"\/>\n\n\n\n<p class=\"has-text-align-center\"><strong><span style=\"text-decoration: underline;\">Classement clubs<\/span><\/strong><\/p>\n\n\n\n<figure class=\"wp-block-table is-style-stripes has-small-font-size\"><table class=\"has-black-color has-text-color has-link-color has-fixed-layout\"><tbody><tr><th><strong>Club<\/strong><\/th><th><strong>Total<\/strong><\/th><th><strong>Rang<\/strong><\/th><\/tr><tr><td> Focale 49 Montreuil Juign\u00e9<\/td><td>308<\/td><td>1<\/td><\/tr><tr><td> Photo Club Br\u00e9tignollais<\/td><td>291<\/td><td>2<\/td><\/tr><tr><td> Huisne Photo Club<\/td><td>291<\/td><td>2<\/td><\/tr><tr><td> ZOOM44<\/td><td>276<\/td><td>4<\/td><\/tr><tr><td> Photo Club de Pornichet<\/td><td>270<\/td><td>5<\/td><\/tr><tr><td> Atelier Photo U I A &#8211; St Nazaire<\/td><td>268<\/td><td>6<\/td><\/tr><tr><td> Photo Club de la S\u00e8vre<\/td><td>261<\/td><td>7<\/td><\/tr><tr><td> Marche-Image PC en Terre de Bri\u00e8re \u00e0 Montoir-de-Bretagne<\/td><td>259<\/td><td>8<\/td><\/tr><tr><td><strong>Photo Vid\u00e9o Club Georges-M\u00e9li\u00e8s-Mayet<\/strong><\/td><td><strong>259<\/strong><\/td><td><strong>8<\/strong><\/td><\/tr><tr><td> La Photo Simplement Bellevigny<\/td><td>259<\/td><td>8<\/td><\/tr><tr><td> Arr\u00eat sur Image-Photo club de Talmont St Hilaire<\/td><td>255<\/td><td>11<\/td><\/tr><tr><td>D\u00e9clic Image Leg\u00e9 44<\/td><td>254<\/td><td>12<\/td><\/tr><tr><td> Photo Club Nantais<\/td><td>235<\/td><td>13<\/td><\/tr><tr><td> Club Photo Fontenaisien<\/td><td>156<\/td><td>14<\/td><\/tr><\/tbody><\/table><\/figure>\n\n\n\n<hr class=\"wp-block-separator has-alpha-channel-opacity\"\/>\n","protected":false},"excerpt":{"rendered":"<p>Date de comp\u00e9tition: 13\/03\/2025Date de r\u00e9sultats: 14\/03\/2025 R\u00e9sultat du Photo Vid\u00e9o Club Georges&nbsp;M\u00e9li\u00e8s de Mayet. Suivre ce lien pour voir l\u2019ensemble des photos&nbsp;: https:\/\/copain.federation-photo.fr\/webroot\/competitions\/classement_ur\/photos\/3753 Tram de GRIGNON Lo\u00efc &#8211; 24e avec 46 points Sous la pluie de LOUIS Daniel &#8211; 43e avec 44 points Tours duo de LOUIS Daniel &#8211; 43e avec 44 points Brouillard &hellip; <\/p>\n<p class=\"link-more\"><a href=\"https:\/\/photovideoclubmayet72.com\/index.php\/2025\/03\/24\/ur-06-image-projetee-couleur-classement-photos-2025\/\" class=\"more-link\">Continuer la lecture<span class=\"screen-reader-text\"> de &laquo;&nbsp;UR 06 &#8211; Image Projet\u00e9e Couleur &#8211; Classement photos &#8211; 2025&nbsp;&raquo;<\/span><\/a><\/p>\n","protected":false},"author":1,"featured_media":0,"comment_status":"closed","ping_status":"open","sticky":false,"template":"","format":"standard","meta":{"footnotes":""},"categories":[7],"tags":[],"class_list":["post-1726","post","type-post","status-publish","format-standard","hentry","category-resultats-concours"],"_links":{"self":[{"href":"https:\/\/photovideoclubmayet72.com\/index.php\/wp-json\/wp\/v2\/posts\/1726","targetHints":{"allow":["GET"]}}],"collection":[{"href":"https:\/\/photovideoclubmayet72.com\/index.php\/wp-json\/wp\/v2\/posts"}],"about":[{"href":"https:\/\/photovideoclubmayet72.com\/index.php\/wp-json\/wp\/v2\/types\/post"}],"author":[{"embeddable":true,"href":"https:\/\/photovideoclubmayet72.com\/index.php\/wp-json\/wp\/v2\/users\/1"}],"replies":[{"embeddable":true,"href":"https:\/\/photovideoclubmayet72.com\/index.php\/wp-json\/wp\/v2\/comments?post=1726"}],"version-history":[{"count":1,"href":"https:\/\/photovideoclubmayet72.com\/index.php\/wp-json\/wp\/v2\/posts\/1726\/revisions"}],"predecessor-version":[{"id":1727,"href":"https:\/\/photovideoclubmayet72.com\/index.php\/wp-json\/wp\/v2\/posts\/1726\/revisions\/1727"}],"wp:attachment":[{"href":"https:\/\/photovideoclubmayet72.com\/index.php\/wp-json\/wp\/v2\/media?parent=1726"}],"wp:term":[{"taxonomy":"category","embeddable":true,"href":"https:\/\/photovideoclubmayet72.com\/index.php\/wp-json\/wp\/v2\/categories?post=1726"},{"taxonomy":"post_tag","embeddable":true,"href":"https:\/\/photovideoclubmayet72.com\/index.php\/wp-json\/wp\/v2\/tags?post=1726"}],"curies":[{"name":"wp","href":"https:\/\/api.w.org\/{rel}","templated":true}]}}