{"id":1468,"date":"2025-04-15T18:15:42","date_gmt":"2025-04-15T16:15:42","guid":{"rendered":"https:\/\/photovideoclubmayet72.com\/?p=1468"},"modified":"2025-12-23T14:44:29","modified_gmt":"2025-12-23T13:44:29","slug":"23e-salon-international-de-la-photographie-de-mayet-2025","status":"publish","type":"post","link":"https:\/\/photovideoclubmayet72.com\/index.php\/2025\/04\/15\/23e-salon-international-de-la-photographie-de-mayet-2025\/","title":{"rendered":"23e Salon International de la photographie de Mayet &#8211; 2025"},"content":{"rendered":"\n<p>23rd PHOTOGRAPHIC INTERNATIONAL EXHIBITION 2025<\/p>\n\n\n\n<hr class=\"wp-block-separator has-alpha-channel-opacity\"\/>\n\n\n\n<p class=\"has-text-align-center has-black-color has-text-color has-link-color has-small-font-size wp-elements-a9b4a681a893bb76fdde55dcfd438b93\"><em>7 mai 2025<\/em><\/p>\n\n\n\n<hr class=\"wp-block-separator has-alpha-channel-opacity\"\/>\n\n\n<div class=\"wp-block-image\">\n<figure class=\"aligncenter size-large is-resized\"><img loading=\"lazy\" decoding=\"async\" width=\"768\" height=\"1024\" src=\"https:\/\/photovideoclubmayet72.com\/wp-content\/uploads\/2025\/04\/2-1-768x1024.jpeg\" alt=\"\" class=\"wp-image-1819\" style=\"width:446px;height:auto\" srcset=\"https:\/\/photovideoclubmayet72.com\/wp-content\/uploads\/2025\/04\/2-1-768x1024.jpeg 768w, https:\/\/photovideoclubmayet72.com\/wp-content\/uploads\/2025\/04\/2-1-225x300.jpeg 225w, https:\/\/photovideoclubmayet72.com\/wp-content\/uploads\/2025\/04\/2-1.jpeg 1080w\" sizes=\"auto, (max-width: 767px) 89vw, (max-width: 1000px) 54vw, (max-width: 1071px) 543px, 580px\" \/><\/figure>\n<\/div>\n\n\n<hr class=\"wp-block-separator has-alpha-channel-opacity\"\/>\n\n\n\n<p class=\"has-small-font-size\">Bonjour,<\/p>\n\n\n\n<p class=\"has-small-font-size\"><strong><span style=\"text-decoration: underline;\">Vous trouverez ci-dessous le lien permettant d&rsquo;acc\u00e9der au catalogue num\u00e9rique de notre 23e salon.<\/span><\/strong><\/p>\n\n\n\n<figure class=\"wp-block-embed is-type-wp-embed is-provider-genially wp-block-embed-genially\"><div class=\"wp-block-embed__wrapper\">\n<iframe class=\"wp-embedded-content\" sandbox=\"allow-scripts\" security=\"restricted\" title=\"Mayet 2025\" frameborder='0' width='1200' height='675' src='https:\/\/view.genially.com\/67fd6ac585c3251c73fb3655#?secret=SH12OWf0ZW' data-secret='SH12OWf0ZW' scrolling='yes'><\/iframe>\n<\/div><\/figure>\n\n\n\n<p class=\"has-small-font-size\"><em>Ce lien a \u00e9t\u00e9 envoy\u00e9 ce jour en fin de matin\u00e9e \u00e0 tous les participants au concours.<\/em><\/p>\n\n\n\n<p class=\"has-small-font-size\">Marc<\/p>\n\n\n\n<hr class=\"wp-block-separator has-alpha-channel-opacity\"\/>\n\n\n\n<figure class=\"wp-block-image size-large\"><img loading=\"lazy\" decoding=\"async\" width=\"1024\" height=\"724\" src=\"https:\/\/photovideoclubmayet72.com\/wp-content\/uploads\/2024\/12\/6-1024x724.jpeg\" alt=\"\" class=\"wp-image-1787\" srcset=\"https:\/\/photovideoclubmayet72.com\/wp-content\/uploads\/2024\/12\/6-1024x724.jpeg 1024w, https:\/\/photovideoclubmayet72.com\/wp-content\/uploads\/2024\/12\/6-300x212.jpeg 300w, https:\/\/photovideoclubmayet72.com\/wp-content\/uploads\/2024\/12\/6-768x543.jpeg 768w, https:\/\/photovideoclubmayet72.com\/wp-content\/uploads\/2024\/12\/6.jpeg 1240w\" sizes=\"auto, (max-width: 767px) 89vw, (max-width: 1000px) 54vw, (max-width: 1071px) 543px, 580px\" \/><\/figure>\n\n\n\n<hr class=\"wp-block-separator has-alpha-channel-opacity\"\/>\n\n\n<div class=\"wp-block-image\">\n<figure class=\"aligncenter size-large is-resized\"><img loading=\"lazy\" decoding=\"async\" width=\"1024\" height=\"679\" src=\"https:\/\/photovideoclubmayet72.com\/wp-content\/uploads\/2024\/12\/1-1-1024x679.jpg\" alt=\"\" class=\"wp-image-1525\" style=\"width:484px;height:auto\" srcset=\"https:\/\/photovideoclubmayet72.com\/wp-content\/uploads\/2024\/12\/1-1-1024x679.jpg 1024w, https:\/\/photovideoclubmayet72.com\/wp-content\/uploads\/2024\/12\/1-1-300x199.jpg 300w, https:\/\/photovideoclubmayet72.com\/wp-content\/uploads\/2024\/12\/1-1-768x510.jpg 768w, https:\/\/photovideoclubmayet72.com\/wp-content\/uploads\/2024\/12\/1-1.jpg 1067w\" sizes=\"auto, (max-width: 767px) 89vw, (max-width: 1000px) 54vw, (max-width: 1071px) 543px, 580px\" \/><\/figure>\n<\/div>\n\n\n<hr class=\"wp-block-separator has-alpha-channel-opacity\"\/>\n\n\n<p><em>-Si vous voyez une pi\u00e8ce de puzzle dessin\u00e9e dans l&rsquo;encadrement \u00e0 t\u00e9l\u00e9charger, veuillez installer Adobe Acrobat sur votre tablette, t\u00e9l\u00e9phone ou PC. Lors de la lecture si un panneau lat\u00e9ral appara\u00eet un clic sur le petit logo \u00e0 gauche de la loupe sur la barre d&rsquo;outils, pour le masquer.\u00a0<\/em><\/p>\n<p><em>-If you see a drawn puzzle piece in the box to download, please install Adobe Acrobat on your tablet, phone or PC. When reading, if a side panel appears, click on the small logo to the left of the magnifying glass on the toolbar, to hide it.<\/em><\/p>\n<p><span style=\"text-decoration: underline;\">Pour une meilleure lecture un clic sur t\u00e9l\u00e9charger.<\/span><\/p>\n<p><span style=\"text-decoration: underline;\">For better reading, click on download.<\/span><\/p>\n<div>\n<p>Vous trouverez ci-dessous les liens pour acc\u00e9der :<\/p>\n<ol>\n<li>Au calendrier et r\u00e8glement du salon<\/li>\n<li>Au bordereau d&rsquo;inscription<\/li>\n<\/ol>\n<\/div>\n<p><strong>Version PDF.<\/strong><\/p>\n\n\n<div data-wp-interactive=\"core\/file\" class=\"wp-block-file\"><object data-wp-bind--hidden=\"!state.hasPdfPreview\" hidden class=\"wp-block-file__embed\" data=\"https:\/\/photovideoclubmayet72.com\/wp-content\/uploads\/2024\/12\/Annonce@.pdf\" type=\"application\/pdf\" style=\"width:100%;height:390px\" aria-label=\"Contenu embarqu\u00e9 Annonce@.\"><\/object><a id=\"wp-block-file--media-f4b8ce31-8a59-417d-879c-313468263423\" href=\"https:\/\/photovideoclubmayet72.com\/wp-content\/uploads\/2024\/12\/Annonce@.pdf\">Annonce@<\/a><a href=\"https:\/\/photovideoclubmayet72.com\/wp-content\/uploads\/2024\/12\/Annonce@.pdf\" class=\"wp-block-file__button wp-element-button\" download aria-describedby=\"wp-block-file--media-f4b8ce31-8a59-417d-879c-313468263423\">T\u00e9l\u00e9charger<\/a><\/div>\n\n\n\n<div data-wp-interactive=\"core\/file\" class=\"wp-block-file\"><object data-wp-bind--hidden=\"!state.hasPdfPreview\" hidden class=\"wp-block-file__embed\" data=\"https:\/\/photovideoclubmayet72.com\/wp-content\/uploads\/2024\/12\/Calendrier-Jury.pdf\" type=\"application\/pdf\" style=\"width:100%;height:600px\" aria-label=\"Contenu embarqu\u00e9 Calendrier -Jury.\"><\/object><a id=\"wp-block-file--media-3847e17f-f976-409e-a92b-394663ceb77c\" href=\"https:\/\/photovideoclubmayet72.com\/wp-content\/uploads\/2024\/12\/Calendrier-Jury.pdf\">Calendrier -Jury<\/a><a href=\"https:\/\/photovideoclubmayet72.com\/wp-content\/uploads\/2024\/12\/Calendrier-Jury.pdf\" class=\"wp-block-file__button wp-element-button\" download aria-describedby=\"wp-block-file--media-3847e17f-f976-409e-a92b-394663ceb77c\">T\u00e9l\u00e9charger<\/a><\/div>\n\n\n\n<div data-wp-interactive=\"core\/file\" class=\"wp-block-file\"><object data-wp-bind--hidden=\"!state.hasPdfPreview\" hidden class=\"wp-block-file__embed\" data=\"https:\/\/photovideoclubmayet72.com\/wp-content\/uploads\/2024\/12\/Reglement-2025-1.pdf\" type=\"application\/pdf\" style=\"width:100%;height:350px\" aria-label=\"Contenu embarqu\u00e9 R\u00e8glement 2025.\"><\/object><a id=\"wp-block-file--media-12909698-a1cd-4ac5-80f3-a4bc00899ab8\" href=\"https:\/\/photovideoclubmayet72.com\/wp-content\/uploads\/2024\/12\/Reglement-2025-1.pdf\">R\u00e8glement 2025<\/a><a href=\"https:\/\/photovideoclubmayet72.com\/wp-content\/uploads\/2024\/12\/Reglement-2025-1.pdf\" class=\"wp-block-file__button wp-element-button\" download aria-describedby=\"wp-block-file--media-12909698-a1cd-4ac5-80f3-a4bc00899ab8\">T\u00e9l\u00e9charger<\/a><\/div>\n\n\n\n<div data-wp-interactive=\"core\/file\" class=\"wp-block-file\"><object data-wp-bind--hidden=\"!state.hasPdfPreview\" hidden class=\"wp-block-file__embed\" data=\"https:\/\/photovideoclubmayet72.com\/wp-content\/uploads\/2024\/12\/Contest-rules-2025.pdf\" type=\"application\/pdf\" style=\"width:100%;height:550px\" aria-label=\"Contenu embarqu\u00e9 Contest rules 2025.\"><\/object><a id=\"wp-block-file--media-05ebc2fd-93c6-4c65-ad82-f546e5b0fca0\" href=\"https:\/\/photovideoclubmayet72.com\/wp-content\/uploads\/2024\/12\/Contest-rules-2025.pdf\">Contest rules 2025<\/a><a href=\"https:\/\/photovideoclubmayet72.com\/wp-content\/uploads\/2024\/12\/Contest-rules-2025.pdf\" class=\"wp-block-file__button wp-element-button\" download aria-describedby=\"wp-block-file--media-05ebc2fd-93c6-4c65-ad82-f546e5b0fca0\">T\u00e9l\u00e9charger<\/a><\/div>\n\n\n\n<hr class=\"wp-block-separator has-alpha-channel-opacity\"\/>\n\n\n\n<p>L\u2019inscription sur ce bordereau et le paiement du forfait de participation valent attestation de lecture et acceptation du r\u00e8glement et de ses annexes.<\/p>\n\n\n\n<p><\/p>\n\n\n<p><strong><span style=\"text-decoration: underline;\">Version Excel<\/span><\/strong><\/p>\n\n\n<div class=\"wp-block-file\"><a id=\"wp-block-file--media-3497187f-9071-46d7-b1cb-6aedf65f96aa\" href=\"https:\/\/photovideoclubmayet72.com\/wp-content\/uploads\/2024\/12\/Bordereau-Inscription-Entry-form-3.xls\">Bordereau Inscription Entry form<\/a><a href=\"https:\/\/photovideoclubmayet72.com\/wp-content\/uploads\/2024\/12\/Bordereau-Inscription-Entry-form-3.xls\" class=\"wp-block-file__button wp-element-button\" download aria-describedby=\"wp-block-file--media-3497187f-9071-46d7-b1cb-6aedf65f96aa\">T\u00e9l\u00e9charger<\/a><\/div>\n\n\n\n<hr class=\"wp-block-separator has-alpha-channel-opacity\"\/>\n\n\n\n<p><\/p>\n","protected":false},"excerpt":{"rendered":"<p>23rd PHOTOGRAPHIC INTERNATIONAL EXHIBITION 2025 7 mai 2025 Bonjour, Vous trouverez ci-dessous le lien permettant d&rsquo;acc\u00e9der au catalogue num\u00e9rique de notre 23e salon. Ce lien a \u00e9t\u00e9 envoy\u00e9 ce jour en fin de matin\u00e9e \u00e0 tous les participants au concours. Marc -Si vous voyez une pi\u00e8ce de puzzle dessin\u00e9e dans l&rsquo;encadrement \u00e0 t\u00e9l\u00e9charger, veuillez installer &hellip; <\/p>\n<p class=\"link-more\"><a href=\"https:\/\/photovideoclubmayet72.com\/index.php\/2025\/04\/15\/23e-salon-international-de-la-photographie-de-mayet-2025\/\" class=\"more-link\">Continuer la lecture<span class=\"screen-reader-text\"> de &laquo;&nbsp;23e Salon International de la photographie de Mayet &#8211; 2025&nbsp;&raquo;<\/span><\/a><\/p>\n","protected":false},"author":1,"featured_media":0,"comment_status":"open","ping_status":"open","sticky":false,"template":"","format":"standard","meta":{"footnotes":""},"categories":[20],"tags":[],"class_list":["post-1468","post","type-post","status-publish","format-standard","hentry","category-22eme-salon-international-de-la-photographie-de-mayet-2024"],"_links":{"self":[{"href":"https:\/\/photovideoclubmayet72.com\/index.php\/wp-json\/wp\/v2\/posts\/1468","targetHints":{"allow":["GET"]}}],"collection":[{"href":"https:\/\/photovideoclubmayet72.com\/index.php\/wp-json\/wp\/v2\/posts"}],"about":[{"href":"https:\/\/photovideoclubmayet72.com\/index.php\/wp-json\/wp\/v2\/types\/post"}],"author":[{"embeddable":true,"href":"https:\/\/photovideoclubmayet72.com\/index.php\/wp-json\/wp\/v2\/users\/1"}],"replies":[{"embeddable":true,"href":"https:\/\/photovideoclubmayet72.com\/index.php\/wp-json\/wp\/v2\/comments?post=1468"}],"version-history":[{"count":31,"href":"https:\/\/photovideoclubmayet72.com\/index.php\/wp-json\/wp\/v2\/posts\/1468\/revisions"}],"predecessor-version":[{"id":1833,"href":"https:\/\/photovideoclubmayet72.com\/index.php\/wp-json\/wp\/v2\/posts\/1468\/revisions\/1833"}],"wp:attachment":[{"href":"https:\/\/photovideoclubmayet72.com\/index.php\/wp-json\/wp\/v2\/media?parent=1468"}],"wp:term":[{"taxonomy":"category","embeddable":true,"href":"https:\/\/photovideoclubmayet72.com\/index.php\/wp-json\/wp\/v2\/categories?post=1468"},{"taxonomy":"post_tag","embeddable":true,"href":"https:\/\/photovideoclubmayet72.com\/index.php\/wp-json\/wp\/v2\/tags?post=1468"}],"curies":[{"name":"wp","href":"https:\/\/api.w.org\/{rel}","templated":true}]}}