{"id":1204,"date":"2025-03-24T22:11:34","date_gmt":"2025-03-24T21:11:34","guid":{"rendered":"https:\/\/photovideoclubmayet72.com\/?p=1204"},"modified":"2025-03-24T22:45:10","modified_gmt":"2025-03-24T21:45:10","slug":"expositions-evenements-a-venir","status":"publish","type":"post","link":"https:\/\/photovideoclubmayet72.com\/index.php\/2025\/03\/24\/expositions-evenements-a-venir\/","title":{"rendered":"Expositions &#8211; Ev\u00e8nements \u00e0 venir"},"content":{"rendered":"\n<hr class=\"wp-block-separator has-alpha-channel-opacity\"\/>\n\n\n<div class=\"wp-block-image\">\n<figure class=\"aligncenter size-large is-resized\"><img loading=\"lazy\" decoding=\"async\" width=\"1024\" height=\"522\" src=\"https:\/\/photovideoclubmayet72.com\/wp-content\/uploads\/2024\/01\/Agenda-2025-1024x522.jpg\" alt=\"\" class=\"wp-image-1751\" style=\"width:551px;height:auto\" srcset=\"https:\/\/photovideoclubmayet72.com\/wp-content\/uploads\/2024\/01\/Agenda-2025-1024x522.jpg 1024w, https:\/\/photovideoclubmayet72.com\/wp-content\/uploads\/2024\/01\/Agenda-2025-300x153.jpg 300w, https:\/\/photovideoclubmayet72.com\/wp-content\/uploads\/2024\/01\/Agenda-2025-768x391.jpg 768w, https:\/\/photovideoclubmayet72.com\/wp-content\/uploads\/2024\/01\/Agenda-2025.jpg 1429w\" sizes=\"auto, (max-width: 767px) 89vw, (max-width: 1000px) 54vw, (max-width: 1071px) 543px, 580px\" \/><\/figure>\n<\/div>\n\n\n<hr class=\"wp-block-separator has-alpha-channel-opacity\"\/>\n\n\n<p><img loading=\"lazy\" decoding=\"async\" class=\"aligncenter\" src=\"https:\/\/image.over-blog.com\/dEOh_tHD0BDIn92k_OBSfrzrkZE=\/filters:no_upscale()\/image%2F3097761%2F20240315%2Fob_a3f175_capt-3.jpg\" width=\"48\" height=\"61\" \/><\/p>\n\n\n<hr class=\"wp-block-separator has-alpha-channel-opacity\"\/>\n\n\n\n<p class=\"has-text-align-center has-small-font-size\"><strong>Jusqu&rsquo;au&nbsp;13 Avril 2025<\/strong><\/p>\n\n\n\n<p class=\"has-small-font-size\"><span style=\"text-decoration: underline;\">Les Photographiques, \u00e9dition 2025, Divers lieux, Le Mans M\u00e9tropole et au-del\u00e0.<\/span><\/p>\n\n\n\n<p class=\"has-small-font-size\">Retrouvez l&rsquo;ensemble des s\u00e9ries s\u00e9lectionn\u00e9es : la coll\u00e9giale Saint-Pierre-la-Cour (Sandrine Elberg, invit\u00e9e), le Pavillon Monod (Ana\u00efs Boudot, invit\u00e9e), le centre des expositions Paul-Courboulay (C\u00e9line Alson, Bastien Deschamps, Isabelle Chapuis, Delphine Blast, Sandra Matamoros, Jean Puibaraud, Edoardo De Ruggiero, Alexis Pichot), la MJC Ronceray (Hors Cadre 12), la m\u00e9diath\u00e8que Louise-Michel-Centre social Gis\u00e8le Halimi \u00e0 Allonnes (Claire-Marie R\u00e9gent) et le Centre d&rsquo;art-\u00cele MoulinSart (Carole Cettolin, exposition en plein air). S&rsquo;y ajoute cette ann\u00e9e, un espace \u00e9ph\u00e9m\u00e8re au 1er \u00e9tage de la galerie commerciale Les Jacobins pour l&rsquo;exposition issue de la r\u00e9sidence de cr\u00e9ation 2024 (C\u00e9cile Genest)<\/p>\n\n\n\n<p class=\"has-text-align-center has-black-color has-text-color has-link-color wp-elements-937ffe32b882c0de0ae71ad07e8c6905\">Retrouvez toutes les infos sur :<\/p>\n\n\n\n<p class=\"has-text-align-center has-luminous-vivid-orange-color has-text-color has-link-color wp-elements-e211fb9a46c9ae46936e1a69d047ed8e\"><a href=\"http:\/\/www.photographiques.org\/\">http:\/\/www.photographiques.org\/<\/a><\/p>\n\n\n\n<hr class=\"wp-block-separator has-alpha-channel-opacity\"\/>\n\n\n<div class=\"wp-block-image\">\n<figure class=\"aligncenter is-resized\"><img decoding=\"async\" src=\"https:\/\/image.over-blog.com\/dEOh_tHD0BDIn92k_OBSfrzrkZE=\/filters:no_upscale()\/image%2F3097761%2F20240315%2Fob_a3f175_capt-3.jpg\" alt=\"\" style=\"width:52px;height:auto\"\/><\/figure>\n<\/div>\n\n\n<p class=\"has-text-align-center has-small-font-size\"><strong>Suivre l&rsquo;actualit\u00e9 des \u00e9v\u00e8nements&nbsp; sur le site de la FPF<\/strong>&nbsp;:&nbsp;<\/p>\n\n\n\n<p class=\"has-text-align-center has-black-color has-text-color has-link-color has-small-font-size wp-elements-5b3f1f70bc166e8e341245efdc6813ea\"><a href=\"https:\/\/federation-photo.fr\/\">https:\/\/federation-photo.fr\/<\/a><\/p>\n\n\n\n<hr class=\"wp-block-separator has-alpha-channel-opacity\"\/>\n\n\n\n<p class=\"has-text-align-center has-black-color has-text-color has-link-color has-small-font-size wp-elements-095e7bd7f776d10235588c45a86b17bb\"><strong>Webconf\u00e9rences auteurs<\/strong><\/p>\n\n\n\n<p class=\"has-text-align-left has-black-color has-text-color has-link-color has-small-font-size wp-elements-f15eb10b392c6dbdbbb1bdcc0d8451b0\"><strong>Tous les derniers mercredis du mois \u00e0 20h30 pr\u00e9cise.<\/strong><\/p>\n\n\n\n<p class=\"has-small-font-size\"><strong> D\u00e9couverte d&rsquo;auteurs photographes, explorant des sensibilit\u00e9s et des univers vari\u00e9s.<\/strong><\/p>\n\n\n\n<p class=\"has-text-align-left has-black-color has-text-color has-link-color has-small-font-size wp-elements-388a8c39fe04dcf14613e90ada8ece45\">&nbsp;<strong>Inscrivez vous,&nbsp;partagez autour de vous et participez au Live !<\/strong><\/p>\n\n\n\n<p class=\"has-text-align-left has-black-color has-text-color has-link-color has-small-font-size wp-elements-de7cf92462b2bb9a336ace17bae83723\"><strong>A vos agendas et rendez-vous tous les derniers mercredis du mois \u00e0 20h30 !<\/strong><\/p>\n\n\n\n<p class=\"has-text-align-center has-luminous-vivid-orange-color has-text-color has-link-color has-small-font-size wp-elements-465543af7bc654ad186d2036618c976a\"><a href=\"https:\/\/federation-photo.fr\/webconferences-auteurs\/\">https:\/\/federation-photo.fr\/webconferences-auteurs\/<\/a><\/p>\n\n\n\n<hr class=\"wp-block-separator has-alpha-channel-opacity\"\/>\n\n\n\n<h5 class=\"wp-block-heading has-text-align-center\"><img loading=\"lazy\" decoding=\"async\" src=\"https:\/\/image.over-blog.com\/dEOh_tHD0BDIn92k_OBSfrzrkZE=\/filters:no_upscale()\/image%2F3097761%2F20240315%2Fob_a3f175_capt-3.jpg\" width=\"59\" height=\"75\"><\/h5>\n\n\n\n<h5 class=\"wp-block-heading has-text-align-center has-black-color has-text-color has-link-color has-small-font-size wp-elements-adb00f0f8075be45f58a7010696552e3\"><strong><span style=\"text-decoration: underline;\">Saint-Malo &#8211; La Route du Rhum 2022 &#8211; Destination Guadeloupe.<\/span><\/strong><\/h5>\n\n\n\n<p><\/p>\n\n\n\n<p class=\"has-small-font-size\"><strong>Plus que quelques semaines avant le d\u00e9part de l\u2019\u00e9dition 2022 !&nbsp;<\/strong>138 solitaires prendront le large le<strong>&nbsp;06 Novembre \u00e0 13h02<\/strong>&nbsp;pour une travers\u00e9e de l\u2019Atlantique entre Saint-Malo et Pointe-\u00e0-Pitre dont ils auront r\u00eav\u00e9 depuis des mois, des ann\u00e9es pour certains. Course contre les \u00e9l\u00e9ments et course au temps.&nbsp;<strong>La terre s&rsquo;animera d\u00e8s le mercredi 25 octobre \u00e0 17 heures avec l&rsquo;ouverture d&rsquo;un village de 70.000 m2.<\/strong><\/p>\n\n\n\n<p class=\"has-text-align-center has-small-font-size\"><em><strong><span style=\"text-decoration: underline;\">Saint-Malo &#8211; L&rsquo;avant course &#8211; Route du Rhum 2018<\/span><\/strong><\/em><\/p>\n\n\n\n<p class=\"has-small-font-size\"><em>C&rsquo;est l&rsquo;avant course que je vous fais d\u00e9couvrir \u00e0 travers ces quelques photos, au milieu des remparts de Saint-Malo, et de son histoire. C&rsquo;est une ambiance de f\u00eate, l&rsquo;occasion de nombreuses festivit\u00e9s dans la ville. Les spectateurs sont venus en nombre assister aux derniers pr\u00e9paratifs, les quais sont bond\u00e9s, il est quand m\u00eame ais\u00e9 de se frayer un chemin pour saluer un skipper prendre une photo, ils semblent tous sereins et s&rsquo;affairent aux derniers pr\u00e9paratifs, bien que la tension monte avant le grand d\u00e9part.<\/em><\/p>\n\n\n\n<p class=\"has-small-font-size\"><strong><em>(Avis aux photographes du club).&nbsp;<\/em><\/strong><strong>La terre s&rsquo;animera d\u00e8s&nbsp;<u>le mercredi 25 octobre \u00e0 17 heures avec l&rsquo;ouverture d&rsquo;un village de 70.000 m2.<\/u><\/strong><\/p>\n\n\n\n<p class=\"has-small-font-size\"><strong><u>Si vous \u00eates int\u00e9ress\u00e9s r\u00e9serv\u00e9s tr\u00e8s vite une location, un h\u00f4tel, certains campings resteront ouverts pour l&rsquo;occasion.<\/u><\/strong>&nbsp;(<em>Je suis pass\u00e9e par booking.com pour r\u00e9server).<\/em><\/p>\n\n\n\n<p class=\"has-small-font-size\">Nadine<\/p>\n\n\n<p><img decoding=\"async\" src=\"https:\/\/image.over-blog.com\/0DJUy3ZLQrsRO-mxsMn2lCYPnZA=\/filters:no_upscale()\/image%2F3097761%2F20221004%2Fob_1edd78_dsc6467-1-copie.jpg\" alt=\"Saint-Malo - L'avant course - Route du Rhum 2018\" \/><\/p>\n<p><img decoding=\"async\" src=\"https:\/\/image.over-blog.com\/ipdUFpEiIDVxNL9aNIV_zMFhbWg=\/filters:no_upscale()\/image%2F3097761%2F20221004%2Fob_65112e_dsc6541-copie.jpg\" alt=\"Saint-Malo - L'avant course - Route du Rhum 2018\" \/><\/p>\n<p><img decoding=\"async\" src=\"https:\/\/image.over-blog.com\/e1EOEa_C5w4PU-w3BgPlNXcmcSQ=\/filters:no_upscale()\/image%2F3097761%2F20221004%2Fob_7b402f_dsc6577-copie.jpg\" alt=\"Saint-Malo - L'avant course - Route du Rhum 2018\" \/><\/p>\n<p><img decoding=\"async\" src=\"https:\/\/image.over-blog.com\/JA2DPZ34j2CDBDByx4DawymgUB8=\/filters:no_upscale()\/image%2F3097761%2F20221004%2Fob_72d165_dsc6497-copie.jpg\" alt=\"Saint-Malo - L'avant course - Route du Rhum 2018\" \/><\/p>\n<p><img decoding=\"async\" src=\"https:\/\/image.over-blog.com\/6quIKQ6bJ8k62juHJxtFsqzslvY=\/filters:no_upscale()\/image%2F3097761%2F20221004%2Fob_5a1c36_dsc6550-copie.jpg\" alt=\"Saint-Malo - L'avant course - Route du Rhum 2018\" \/><\/p>\n<p><img decoding=\"async\" src=\"https:\/\/image.over-blog.com\/zbz-H91sGVxE2jYDcctRMafEGqc=\/filters:no_upscale()\/image%2F3097761%2F20221004%2Fob_4f2906_dsc6546-copie.jpg\" alt=\"Saint-Malo - L'avant course - Route du Rhum 2018\" \/><\/p>\n<p><img decoding=\"async\" src=\"https:\/\/image.over-blog.com\/kQJy2TnCHjsjtX_cVQfpEhhUlbg=\/filters:no_upscale()\/image%2F3097761%2F20221004%2Fob_920f1b_dsc6571-copie.jpg\" alt=\"Saint-Malo - L'avant course - Route du Rhum 2018\" \/><\/p>\n<p><img decoding=\"async\" src=\"https:\/\/image.over-blog.com\/oBuAgD42w1hL89rJr1zOaHdgMJ0=\/filters:no_upscale()\/image%2F3097761%2F20221004%2Fob_558963_dsc6501-copie.jpg\" alt=\"Saint-Malo - L'avant course - Route du Rhum 2018\" \/><\/p>\n<p><img decoding=\"async\" src=\"https:\/\/image.over-blog.com\/f73iZwsQZESjGDiz9YviED0lYVA=\/filters:no_upscale()\/image%2F3097761%2F20221004%2Fob_0a945a_dsc6572-copie.jpg\" alt=\"Saint-Malo - L'avant course - Route du Rhum 2018\" \/><\/p>\n<p><img decoding=\"async\" src=\"https:\/\/image.over-blog.com\/pI1swhj2J9DwVTJl-NT3ahkT_es=\/filters:no_upscale()\/image%2F3097761%2F20221004%2Fob_14b2ed_dsc6498.jpg\" alt=\"Saint-Malo - L'avant course - Route du Rhum 2018\" \/><\/p>\n<p><img decoding=\"async\" src=\"https:\/\/image.over-blog.com\/4cfsQMrNQLYRD-domFMWJZH10sw=\/filters:no_upscale()\/image%2F3097761%2F20221004%2Fob_c0451f_dsc6507.jpg\" alt=\"Saint-Malo - L'avant course - Route du Rhum 2018\" \/><\/p>\n<p><img decoding=\"async\" src=\"https:\/\/image.over-blog.com\/TqDoJQJZs0lYdt_ViByE_FUU8Xc=\/filters:no_upscale()\/image%2F3097761%2F20221004%2Fob_d4b01c_dsc6636.jpg\" alt=\"Saint-Malo - L'avant course - Route du Rhum 2018\" \/><\/p>\n\n\n<hr class=\"wp-block-separator has-alpha-channel-opacity\"\/>\n\n\n<p><img loading=\"lazy\" decoding=\"async\" class=\"aligncenter\" src=\"https:\/\/image.over-blog.com\/dEOh_tHD0BDIn92k_OBSfrzrkZE=\/filters:no_upscale()\/image%2F3097761%2F20240315%2Fob_a3f175_capt-3.jpg\" width=\"59\" height=\"75\" \/><\/p>\n<h5 class=\"ob-h1 titre \" style=\"text-align: center;\"><span style=\"text-decoration: underline;\">Le salon des vins et de la gastronomie \u00e0 Mayet.<\/span><\/h5>\n<h5 style=\"text-align: center;\"><span style=\"text-decoration: underline;\">2021<\/span><\/h5>\n<p><q>Nous pr\u00e9senterons une s\u00e9lection d\u2019environ une centaine de photos des membres de notre club au salon. Il y aura des grands formats, de la diversit\u00e9. Ce sera un panorama du travail de nos adh\u00e9rents avec, aussi, vu que nous serons au salon des vins, des photos ayant pour th\u00e8me la vigne<\/q><\/p>\n<p><strong><a href=\"https:\/\/www.ouest-france.fr\/pays-de-la-loire\/mayet-72360\/mayet-une-soiree-courts-metrages-le-vendredi-12-novembre-2021-4769ecec-327d-11ec-8a4f-92ca0640e1a5\" target=\"_blank\" rel=\"noopener\">Marc Blach\u00e8re, pr\u00e9sident du photo vid\u00e9o-club Georges-M\u00e9li\u00e8s de Mayet.<\/a><\/strong><\/p>\n<p>Le vernissage, et les visiteurs qui d\u00e9ambulent entre les stands du salon.<br \/><em>Merci aux photographes, Jean, et Nadine.<\/em><\/p>\n<div id=\"slideshow-1317045646\" class=\"ob-slideshow\">\n<div class=\"ob-slideshow-item\"><a class=\"ob-slideshow-link\" href=\"https:\/\/image.over-blog.com\/Nr6r13PLVDbc3rOObDaoFlbMFsA=\/filters:no_upscale()\/image%2F3097761%2F20211031%2Fob_e8cfb5_dsc6180-00005.jpg\"><img decoding=\"async\" class=\"ob-slideshow-img\" src=\"https:\/\/image.over-blog.com\/-g40DcPYtu5D7BfJ_PSfjCKnneg=\/fit-in\/1020x765\/filters:no_upscale()\/image%2F3097761%2F20211031%2Fob_e8cfb5_dsc6180-00005.jpg\" alt=\"Le salon des vins et de la gastronomie \u00e0 Mayet.\" \/><\/a><\/div>\n<div class=\"ob-slideshow-item\"><a class=\"ob-slideshow-link\" href=\"https:\/\/image.over-blog.com\/PEbswlsj8q59zSyORoCcuj0dhKw=\/filters:no_upscale()\/image%2F3097761%2F20211031%2Fob_417039_dsc6181-00006.jpg\"><img decoding=\"async\" class=\"ob-slideshow-img\" src=\"https:\/\/image.over-blog.com\/GQ1mJCWMMyDGrrVc3XMJCFufukE=\/fit-in\/1020x765\/filters:no_upscale()\/image%2F3097761%2F20211031%2Fob_417039_dsc6181-00006.jpg\" alt=\"Le salon des vins et de la gastronomie \u00e0 Mayet.\" \/><\/a><\/div>\n<div class=\"ob-slideshow-item\"><a class=\"ob-slideshow-link\" href=\"https:\/\/image.over-blog.com\/XlgGRr-pxtcOb33YnJLcY861_5I=\/filters:no_upscale()\/image%2F3097761%2F20211031%2Fob_dfccbb_dsc6182-00007.jpg\"><img decoding=\"async\" class=\"ob-slideshow-img\" src=\"https:\/\/image.over-blog.com\/HcQccPhLteOt36UqaluxfIluj-o=\/fit-in\/1020x765\/filters:no_upscale()\/image%2F3097761%2F20211031%2Fob_dfccbb_dsc6182-00007.jpg\" alt=\"Le salon des vins et de la gastronomie \u00e0 Mayet.\" \/><\/a><\/div>\n<div class=\"ob-slideshow-item\"><a class=\"ob-slideshow-link\" href=\"https:\/\/image.over-blog.com\/h3VCz7WXofKt-x2IXB-p_E7jHRE=\/filters:no_upscale()\/image%2F3097761%2F20211031%2Fob_3d6d08_dsc6185-00010.jpg\"><img decoding=\"async\" class=\"ob-slideshow-img\" src=\"https:\/\/image.over-blog.com\/3x2OkbFdmZO-K13dJIJnliyTaYI=\/fit-in\/1020x765\/filters:no_upscale()\/image%2F3097761%2F20211031%2Fob_3d6d08_dsc6185-00010.jpg\" alt=\"Le salon des vins et de la gastronomie \u00e0 Mayet.\" \/><\/a><\/div>\n<div class=\"ob-slideshow-item\"><a class=\"ob-slideshow-link\" href=\"https:\/\/image.over-blog.com\/T1gHsSP8RJ5Q5aBpdJiEIwZ5-7E=\/filters:no_upscale()\/image%2F3097761%2F20211031%2Fob_0599bd_dsc6176-00001.jpg\"><img decoding=\"async\" class=\"ob-slideshow-img\" src=\"https:\/\/image.over-blog.com\/Fr-gc2mWi3n_T6oHXVh5IdkTzlc=\/fit-in\/1020x765\/filters:no_upscale()\/image%2F3097761%2F20211031%2Fob_0599bd_dsc6176-00001.jpg\" alt=\"Le salon des vins et de la gastronomie \u00e0 Mayet.\" \/><\/a><\/div>\n<div class=\"ob-slideshow-item\"><a class=\"ob-slideshow-link\" href=\"https:\/\/image.over-blog.com\/CWGdD3Aik7UOnnbEw1BUUTUV4gI=\/filters:no_upscale()\/image%2F3097761%2F20211103%2Fob_e61bce_thumbnail-2.jpg\"><img decoding=\"async\" class=\"ob-slideshow-img\" src=\"https:\/\/image.over-blog.com\/U8sBEU1W97yJXqVnOuzkyHIcYyA=\/fit-in\/1020x765\/filters:no_upscale()\/image%2F3097761%2F20211103%2Fob_e61bce_thumbnail-2.jpg\" alt=\"Le salon des vins et de la gastronomie \u00e0 Mayet.\" \/><\/a><\/div>\n<div class=\"ob-slideshow-item active\"><a class=\"ob-slideshow-link\" href=\"https:\/\/image.over-blog.com\/vW97vDntTyAeYABU_J-Kv5lbtis=\/filters:no_upscale()\/image%2F3097761%2F20211031%2Fob_858877_dsc6179-00004.jpg\"><img decoding=\"async\" class=\"ob-slideshow-img\" src=\"https:\/\/image.over-blog.com\/Rnd5aj_T-jSbBGy01AhCEVVDWwA=\/fit-in\/1020x765\/filters:no_upscale()\/image%2F3097761%2F20211031%2Fob_858877_dsc6179-00004.jpg\" alt=\"Le salon des vins et de la gastronomie \u00e0 Mayet.\" \/><\/a><\/div>\n<div class=\"ob-slideshow-item\"><a class=\"ob-slideshow-link\" href=\"https:\/\/image.over-blog.com\/LTAdg-hRfmYBNMU9kaoyDbqCaJY=\/filters:no_upscale()\/image%2F3097761%2F20211031%2Fob_a2528e_dsc6178-00003.jpg\"><img decoding=\"async\" class=\"ob-slideshow-img\" src=\"https:\/\/image.over-blog.com\/-5KQkFsnDc-CwI5X0CeaL3U-GiI=\/fit-in\/1020x765\/filters:no_upscale()\/image%2F3097761%2F20211031%2Fob_a2528e_dsc6178-00003.jpg\" alt=\"Le salon des vins et de la gastronomie \u00e0 Mayet.\" \/><\/a><\/div>\n<div class=\"ob-slideshow-item\"><a class=\"ob-slideshow-link\" href=\"https:\/\/image.over-blog.com\/Zg0uFWHH5gOuKe-ipjFfZSmeuog=\/filters:no_upscale()\/image%2F3097761%2F20211031%2Fob_241648_6.jpg\"><img decoding=\"async\" class=\"ob-slideshow-img\" src=\"https:\/\/image.over-blog.com\/XQUaox9PVVLH_afGAAoFglkkrOg=\/fit-in\/1020x765\/filters:no_upscale()\/image%2F3097761%2F20211031%2Fob_241648_6.jpg\" alt=\"Le salon des vins et de la gastronomie \u00e0 Mayet.\" \/><\/a><\/div>\n<div class=\"ob-slideshow-item\"><a class=\"ob-slideshow-link\" href=\"https:\/\/image.over-blog.com\/gq_4NzPOuErNIYZwqhh-o5XhYOQ=\/filters:no_upscale()\/image%2F3097761%2F20211031%2Fob_552483_1.jpg\"><img decoding=\"async\" class=\"ob-slideshow-img\" src=\"https:\/\/image.over-blog.com\/f6c-qBlNx5e5rLTV_y3L19mpZS0=\/fit-in\/1020x765\/filters:no_upscale()\/image%2F3097761%2F20211031%2Fob_552483_1.jpg\" alt=\"Le salon des vins et de la gastronomie \u00e0 Mayet.\" \/><\/a><\/div>\n<div class=\"ob-slideshow-item\"><a class=\"ob-slideshow-link\" href=\"https:\/\/image.over-blog.com\/swNXYmFbLoYKU9wQYOMMJFULsQU=\/filters:no_upscale()\/image%2F3097761%2F20211031%2Fob_001bbc_4-copie.jpg\"><img decoding=\"async\" class=\"ob-slideshow-img\" src=\"https:\/\/image.over-blog.com\/ZXpeQ091s6ymMNoLtCdbyy4C02Q=\/fit-in\/1020x765\/filters:no_upscale()\/image%2F3097761%2F20211031%2Fob_001bbc_4-copie.jpg\" alt=\"Le salon des vins et de la gastronomie \u00e0 Mayet.\" \/><\/a><\/div>\n<div class=\"ob-slideshow-item\"><a class=\"ob-slideshow-link\" href=\"https:\/\/image.over-blog.com\/FUyOqO9t78ZzFGx6NmOSKvPiCDo=\/filters:no_upscale()\/image%2F3097761%2F20211031%2Fob_926afc_5.jpg\"><img decoding=\"async\" class=\"ob-slideshow-img\" src=\"https:\/\/image.over-blog.com\/czgWkLoNS5fETc4i3koUlJkT-zw=\/fit-in\/1020x765\/filters:no_upscale()\/image%2F3097761%2F20211031%2Fob_926afc_5.jpg\" alt=\"Le salon des vins et de la gastronomie \u00e0 Mayet.\" \/><\/a><\/div>\n<div class=\"ob-slideshow-item\"><a class=\"ob-slideshow-link\" href=\"https:\/\/image.over-blog.com\/NoXuBhjCOUMDZw9sh86W77T0LkA=\/filters:no_upscale()\/image%2F3097761%2F20211031%2Fob_a3c8df_dsc00656.JPG\"><img decoding=\"async\" class=\"ob-slideshow-img\" src=\"https:\/\/image.over-blog.com\/3ITv5KNBMA9XlCPU2-dVxqRKeR4=\/fit-in\/1020x765\/filters:no_upscale()\/image%2F3097761%2F20211031%2Fob_a3c8df_dsc00656.JPG\" alt=\"Le salon des vins et de la gastronomie \u00e0 Mayet.\" \/><\/a><\/div>\n<div class=\"ob-slideshow-item\"><a class=\"ob-slideshow-link\" href=\"https:\/\/image.over-blog.com\/rR0P22Tn7I8DEsQJ5QtxX4zHdGA=\/filters:no_upscale()\/image%2F3097761%2F20211031%2Fob_60a2d6_8.jpg\"><img decoding=\"async\" class=\"ob-slideshow-img\" src=\"https:\/\/image.over-blog.com\/o44hGMbAmYSgaSB9dIYfOrQLpEg=\/fit-in\/1020x765\/filters:no_upscale()\/image%2F3097761%2F20211031%2Fob_60a2d6_8.jpg\" alt=\"Le salon des vins et de la gastronomie \u00e0 Mayet.\" \/><\/a><\/div>\n<div class=\"ob-slideshow-item\"><a class=\"ob-slideshow-link\" href=\"https:\/\/image.over-blog.com\/gr4vcy4hPKxV7GRJRsVue2lGkS4=\/filters:no_upscale()\/image%2F3097761%2F20211031%2Fob_f0ff3f_9.jpg\"><img decoding=\"async\" class=\"ob-slideshow-img\" src=\"https:\/\/image.over-blog.com\/ZABCTDh11g-AcgeiIDZHQxqhwSA=\/fit-in\/1020x765\/filters:no_upscale()\/image%2F3097761%2F20211031%2Fob_f0ff3f_9.jpg\" alt=\"Le salon des vins et de la gastronomie \u00e0 Mayet.\" \/><\/a><\/div>\n<div class=\"ob-slideshow-item\"><a class=\"ob-slideshow-link\" href=\"https:\/\/image.over-blog.com\/BbMKpNn-1v-BdzWqJL16STSYu0U=\/filters:no_upscale()\/image%2F3097761%2F20211031%2Fob_49ae09_10.jpg\"><img decoding=\"async\" class=\"ob-slideshow-img\" src=\"https:\/\/image.over-blog.com\/Mn_BoPrsCxKXUBn-ACwoy4AFkO4=\/fit-in\/1020x765\/filters:no_upscale()\/image%2F3097761%2F20211031%2Fob_49ae09_10.jpg\" alt=\"Le salon des vins et de la gastronomie \u00e0 Mayet.\" \/><\/a><\/div>\n<div class=\"ob-slideshow-item\"><a class=\"ob-slideshow-link\" href=\"https:\/\/image.over-blog.com\/ofS-w4-Hlqnb68usWKpCdmTUb-c=\/filters:no_upscale()\/image%2F3097761%2F20211031%2Fob_5c933a_dsc00674-copie.jpg\"><img decoding=\"async\" class=\"ob-slideshow-img\" src=\"https:\/\/image.over-blog.com\/ySdmzvDviHBKIIzvHLLcC52jQbU=\/fit-in\/1020x765\/filters:no_upscale()\/image%2F3097761%2F20211031%2Fob_5c933a_dsc00674-copie.jpg\" alt=\"Le salon des vins et de la gastronomie \u00e0 Mayet.\" \/><\/a><\/div>\n<div class=\"ob-slideshow-item\"><a class=\"ob-slideshow-link\" href=\"https:\/\/image.over-blog.com\/3SmAkw8ERL6gHlMPiXaZiJvZ0Hw=\/filters:no_upscale()\/image%2F3097761%2F20211031%2Fob_ce6b34_2.jpg\"><img decoding=\"async\" class=\"ob-slideshow-img\" src=\"https:\/\/image.over-blog.com\/D7CDkCfuOFeKqKVLvOCUke-4kK8=\/fit-in\/1020x765\/filters:no_upscale()\/image%2F3097761%2F20211031%2Fob_ce6b34_2.jpg\" alt=\"Le salon des vins et de la gastronomie \u00e0 Mayet.\" \/><\/a><\/div>\n<\/div>\n<p class=\"ob-desc\" style=\"text-align: center;\">Le salon des vins et de la gastronomie \u00e0 Mayet.<\/p>\n\n\n<hr class=\"wp-block-separator has-alpha-channel-opacity\"\/>\n","protected":false},"excerpt":{"rendered":"<p>Jusqu&rsquo;au&nbsp;13 Avril 2025 Les Photographiques, \u00e9dition 2025, Divers lieux, Le Mans M\u00e9tropole et au-del\u00e0. Retrouvez l&rsquo;ensemble des s\u00e9ries s\u00e9lectionn\u00e9es : la coll\u00e9giale Saint-Pierre-la-Cour (Sandrine Elberg, invit\u00e9e), le Pavillon Monod (Ana\u00efs Boudot, invit\u00e9e), le centre des expositions Paul-Courboulay (C\u00e9line Alson, Bastien Deschamps, Isabelle Chapuis, Delphine Blast, Sandra Matamoros, Jean Puibaraud, Edoardo De Ruggiero, Alexis Pichot), la &hellip; <\/p>\n<p class=\"link-more\"><a href=\"https:\/\/photovideoclubmayet72.com\/index.php\/2025\/03\/24\/expositions-evenements-a-venir\/\" class=\"more-link\">Continuer la lecture<span class=\"screen-reader-text\"> de &laquo;&nbsp;Expositions &#8211; Ev\u00e8nements \u00e0 venir&nbsp;&raquo;<\/span><\/a><\/p>\n","protected":false},"author":1,"featured_media":0,"comment_status":"closed","ping_status":"open","sticky":false,"template":"","format":"standard","meta":{"footnotes":""},"categories":[34],"tags":[],"class_list":["post-1204","post","type-post","status-publish","format-standard","hentry","category-expositions-evenements-a-venir"],"_links":{"self":[{"href":"https:\/\/photovideoclubmayet72.com\/index.php\/wp-json\/wp\/v2\/posts\/1204","targetHints":{"allow":["GET"]}}],"collection":[{"href":"https:\/\/photovideoclubmayet72.com\/index.php\/wp-json\/wp\/v2\/posts"}],"about":[{"href":"https:\/\/photovideoclubmayet72.com\/index.php\/wp-json\/wp\/v2\/types\/post"}],"author":[{"embeddable":true,"href":"https:\/\/photovideoclubmayet72.com\/index.php\/wp-json\/wp\/v2\/users\/1"}],"replies":[{"embeddable":true,"href":"https:\/\/photovideoclubmayet72.com\/index.php\/wp-json\/wp\/v2\/comments?post=1204"}],"version-history":[{"count":12,"href":"https:\/\/photovideoclubmayet72.com\/index.php\/wp-json\/wp\/v2\/posts\/1204\/revisions"}],"predecessor-version":[{"id":1766,"href":"https:\/\/photovideoclubmayet72.com\/index.php\/wp-json\/wp\/v2\/posts\/1204\/revisions\/1766"}],"wp:attachment":[{"href":"https:\/\/photovideoclubmayet72.com\/index.php\/wp-json\/wp\/v2\/media?parent=1204"}],"wp:term":[{"taxonomy":"category","embeddable":true,"href":"https:\/\/photovideoclubmayet72.com\/index.php\/wp-json\/wp\/v2\/categories?post=1204"},{"taxonomy":"post_tag","embeddable":true,"href":"https:\/\/photovideoclubmayet72.com\/index.php\/wp-json\/wp\/v2\/tags?post=1204"}],"curies":[{"name":"wp","href":"https:\/\/api.w.org\/{rel}","templated":true}]}}