{"id":1169,"date":"2025-03-24T23:25:23","date_gmt":"2025-03-24T22:25:23","guid":{"rendered":"https:\/\/photovideoclubmayet72.com\/?p=1169"},"modified":"2025-03-24T23:25:23","modified_gmt":"2025-03-24T22:25:23","slug":"loeil-de-la-photographie","status":"publish","type":"post","link":"https:\/\/photovideoclubmayet72.com\/index.php\/2025\/03\/24\/loeil-de-la-photographie\/","title":{"rendered":"L&rsquo;\u0153il de la photographie"},"content":{"rendered":"<div class=\"wp-block-image\">\n<figure class=\"aligncenter size-full is-resized\"><img loading=\"lazy\" decoding=\"async\" width=\"605\" height=\"283\" src=\"https:\/\/photovideoclubmayet72.com\/wp-content\/uploads\/2024\/05\/Oeil-3.jpg\" alt=\"\" class=\"wp-image-1170\" style=\"width:282px;height:auto\" srcset=\"https:\/\/photovideoclubmayet72.com\/wp-content\/uploads\/2024\/05\/Oeil-3.jpg 605w, https:\/\/photovideoclubmayet72.com\/wp-content\/uploads\/2024\/05\/Oeil-3-300x140.jpg 300w\" sizes=\"auto, (max-width: 605px) 100vw, 605px\" \/><\/figure>\n<\/div>\n\n\n<hr class=\"wp-block-separator has-alpha-channel-opacity\"\/>\n\n\n\n<p class=\"has-text-align-center has-vivid-purple-color has-text-color has-link-color has-medium-font-size wp-elements-9b69db45ac6556d73211990552d3f1c1\"><strong>2025<\/strong><\/p>\n\n\n\n<p class=\"has-text-align-center has-small-font-size\"><span style=\"text-decoration: underline;\"><strong>Les 1001 photographies qu&rsquo;il faut avoir vues dans sa vie.<\/strong><\/span><\/p>\n\n\n\n<p class=\"has-small-font-size\">\u00c0 une \u00e9poque o\u00f9 des millions de clich\u00e9s sont pris chaque jour, ces images incroyables se distinguent par leur contenu accrocheur et leurs prouesses techniques. Cet ouvrage exhaustif raconte l&rsquo;histoire derri\u00e8re l&rsquo;objectif et met en lumi\u00e8re la fa\u00e7on dont cette puissante forme d&rsquo;art a fa\u00e7onn\u00e9 le monde moderne. Il est une r\u00e9f\u00e9rence essentielle pour tous les passionn\u00e9s de photographie.<\/p>\n\n\n\n<p class=\"has-small-font-size\">&nbsp;(Auteur),&nbsp;<a href=\"https:\/\/www.amazon.fr\/s\/ref=dp_byline_sr_book_2?ie=UTF8&amp;field-author=Paul+Lowe&amp;text=Paul+Lowe&amp;sort=relevancerank&amp;search-alias=books-fr\"><strong>Paul Lowe<\/strong><\/a>&nbsp;(Sous la direction de),&nbsp;<a href=\"https:\/\/www.amazon.fr\/s\/ref=dp_byline_sr_book_3?ie=UTF8&amp;field-author=Dimitri+Beck&amp;text=Dimitri+Beck&amp;sort=relevancerank&amp;search-alias=books-fr\"><strong>Dimitri Beck<\/strong><\/a>&nbsp;(Pr\u00e9face).<\/p>\n\n\n\n<hr class=\"wp-block-separator has-alpha-channel-opacity\"\/>\n\n\n\n<p class=\"has-text-align-center has-small-font-size\"><span style=\"text-decoration: underline;\"><strong>Les grands photographes du XXe si\u00e8cle<\/strong><\/span><\/p>\n\n\n\n<p class=\"has-small-font-size\">Ils s\u2019appellent Walker Evans, Dorothea Lange, Henri Cartier-Bresson, Philippe Halsman, Robert Mapplethorpe, Seydou Keyta ou Raymond Depardon. Ils ont conclu le xix<sup>e<\/sup>&nbsp;si\u00e8cle et ont ouvert le xx<sup>e<\/sup>&nbsp;en en fixant les couleurs d\u00e9sormais immuables. En saisissant un instant, un moment, un regard, ils ont boulevers\u00e9 l\u2019art photographique et chang\u00e9 \u00e0 jamais la vision port\u00e9e sur le monde et les choses. Leurs clich\u00e9s, t\u00e9moins de l\u2019Histoire, des r\u00e9volutions sociales, de la mis\u00e8re, de la souffrance ou des drames humains, mais aussi de la beaut\u00e9 des \u00eatres et des \u00e9l\u00e9ments, sont devenus des ic\u00f4nes.<\/p>\n\n\n\n<p class=\"has-small-font-size\"><strong><a href=\"https:\/\/www.amazon.fr\/s\/ref=dp_byline_sr_book_1?ie=UTF8&amp;field-author=Luce+Lebart&amp;text=Luce+Lebart&amp;sort=relevancerank&amp;search-alias=books-fr\">Luce Lebart<\/a>&nbsp;(Auteur)<\/strong><\/p>\n\n\n\n<hr class=\"wp-block-separator has-alpha-channel-opacity\"\/>\n\n\n\n<p class=\"has-text-align-center has-small-font-size\"><strong>Wildlife Photographer of the Year 2023: Les plus belles photos de nature (2023)<\/strong><\/p>\n\n\n\n<p class=\"has-small-font-size\">Pour la 58\u00e8me \u00e9dition du concours du Photographe de Nature de l\u2019ann\u00e9e, ce sont 50 000 clich\u00e9s qui ont particip\u00e9 en provenance de 30 pays. Comme chaque ann\u00e9e, le choix du jury s\u2019est port\u00e9 sur les images les plus surprenantes et les plus m\u00e9morables sur le plan artistique. Certaines photographies d\u00e9voilent des moments de vie insolites, parfois dramatiques, mettant en sc\u00e8ne le cycle de la vie, mais aussi pour certaines nous d\u00e9rangent car elles montrent combien l\u2019humanit\u00e9 se rend responsable de la situation alarmante de notre environnement.<\/p>\n\n\n\n<hr class=\"wp-block-separator has-alpha-channel-opacity\"\/>\n\n\n\n<p class=\"has-text-align-center has-small-font-size\"><strong>Wildlife Photographer of the Year 2024: Les plus belles photos de nature&nbsp;<\/strong><\/p>\n\n\n\n<p class=\"has-small-font-size\">Cet ouvrage pr\u00e9sente les 100 photographies gagnantes du concours \u00ab\u00a0<strong>Wildlife photographer of the year 2024&Prime;<\/strong>. Parmi des images venues du monde entier, le jury a s\u00e9lectionn\u00e9 celles qui d\u00e9voilent ce que la vie sauvage rec\u00e8le de plus beau et de plus surprenant, mais aussi celles qui nous d\u00e9rangent car elles d\u00e9noncent les atteintes \u00e0 l&rsquo;environnement dont l&rsquo;Homme se rend responsable. Ce livre est une invitation \u00e0 changer notre relation \u00e0 la nature.<\/p>\n\n\n\n<hr class=\"wp-block-separator has-alpha-channel-opacity\"\/>\n\n\n\n<p class=\"has-text-align-center has-medium-font-size\"><strong>2023<\/strong><\/p>\n\n\n\n<p class=\"has-small-font-size\">Avec le soutien de&nbsp;<strong>Sebasti\u00e3o Salgado<\/strong>,&nbsp;<a href=\"https:\/\/ccfd-terresolidaire.org\/qui-sommes-nous\/\">le CCFD-Terre Solidaire<\/a>&nbsp;a lanc\u00e9 la premi\u00e8re \u00e9dition de son Prix Photo &#8211; Terre Solidaire pour la photographie humaniste et environnementale.<\/p>\n\n\n\n<h2 class=\"wp-block-heading has-text-align-center has-small-font-size\"><strong>Les 3 laur\u00e9ats 2023<\/strong><\/h2>\n\n\n\n<p class=\"has-small-font-size\"><strong>Laur\u00e9at du Grand Prix Terre Solidaire :<\/strong><\/p>\n\n\n\n<p class=\"has-small-font-size\"><strong>Alessandro Cinque<\/strong>&nbsp;:&nbsp;Le photographe italien&nbsp;Alessandro Cinque, t\u00e9moigne \u00e0 travers son projet documentaire,&nbsp;<mark><strong><em>\u201cPeru : a toxic state<\/em><\/strong>\u201c<\/mark>, des cons\u00e9quences environnementales, sociales et culturelles caus\u00e9es par l\u2019exploitation des ressources mini\u00e8res au P\u00e9rou.<\/p>\n\n\n\n<p class=\"has-luminous-vivid-orange-color has-text-color has-link-color has-small-font-size wp-elements-3f3849894566c48b3577552c859c4003\"><a href=\"https:\/\/youtu.be\/dxsLMRZU11c?si=DbFxKA1jnvZKiVHR\">https:\/\/youtu.be\/dxsLMRZU11c?si=DbFxKA1jnvZKiVHR<\/a><\/p>\n\n\n\n<p class=\"has-small-font-size\"><strong>Laur\u00e9ates du Prix Terre Solidaire :<\/strong><\/p>\n\n\n\n<p class=\"has-small-font-size\" id=\"anush-babajanyan\"><strong>Anush Babajanyan<\/strong>&nbsp;: Photographe Atm\u00e9nienne, son projet&nbsp;<mark><strong><em>\u201cBattered Waters<\/em><\/strong>\u201c,&nbsp;<\/mark>&nbsp;elle t\u00e9moigne de la crise de l\u2019eau en Asie centrale, auxquels s\u2019ajoutent des probl\u00e9matiques environnementales qui affectent les 67 millions de personnes de cette r\u00e9gion enclav\u00e9e. Du Kazakhstan au Tadjikistan, en passant par l\u2019Ouzb\u00e9kistan et le Kirghizistan.<\/p>\n\n\n\n<p class=\"has-luminous-vivid-orange-color has-text-color has-link-color has-small-font-size wp-elements-68cadedf8b5e47335c1fcfb80933a123\"><a href=\"https:\/\/youtu.be\/gP9pRFL8AmY?si=yTohjMQyhDTeqW2i\">https:\/\/youtu.be\/gP9pRFL8AmY?si=yTohjMQyhDTeqW2i<\/a><\/p>\n\n\n\n<p class=\"has-small-font-size\"><strong>Emily Garthwaite&nbsp;<\/strong>:&nbsp;Photographe Britannique Emily Garthwaite a re\u00e7u le Prix Photo Terre Solidaire pour son projet&nbsp;<mark><strong><em>\u201cLight Between Mountain<\/em><\/strong>\u201c<\/mark>&nbsp;r\u00e9alis\u00e9 au Kurdistan irakien.<\/p>\n\n\n\n<p class=\"has-luminous-vivid-orange-color has-text-color has-link-color has-small-font-size wp-elements-37e8ac7ba8d1508cd5019cb3d72c6b8d\"><a href=\"https:\/\/youtu.be\/vQt0jIxQ_EA?si=e2EL1e4fhlCCifvS\">https:\/\/youtu.be\/vQt0jIxQ_EA?si=e2EL1e4fhlCCifvS<\/a><\/p>\n\n\n\n<p class=\"has-black-color has-text-color has-link-color has-small-font-size wp-elements-b3c180afb6e336f742eb8aa6d81a86e9\"><strong><em>En savoir plus, suivre ce lien<\/em>&nbsp;<\/strong>:&nbsp;<a href=\"https:\/\/ccfd-terresolidaire.org\/prix-photo-terre-solidaire-2023-zoom-sur-les-trois-laureats\/#alessandro-cinque\">https:\/\/ccfd-terresolidaire.org\/prix-photo-terre-solidaire-2023-zoom-sur-les-trois-laureats\/#alessandro-cinque<\/a><\/p>\n\n\n\n<p class=\"has-small-font-size\">En savoir plus sur&nbsp;<strong>Sebasti\u00e3o Salgado&nbsp;<\/strong>et voir ses photos<strong>&nbsp;:<\/strong><\/p>\n\n\n\n<p class=\"has-black-color has-text-color has-link-color has-small-font-size wp-elements-ab2a97635daab4a019c0b3bd86cec4e7\"><em>Suivre ce lien :<\/em> <a href=\"https:\/\/www.la-photographie-galerie.com\/artists-fr\/photos-54\/salgado.html\">https:\/\/www.la-photographie-galerie.com\/artists-fr\/photos-54\/salgado.htm<\/a><\/p>\n\n\n\n<hr class=\"wp-block-separator has-alpha-channel-opacity\"\/>\n\n\n<p><img loading=\"lazy\" decoding=\"async\" class=\"aligncenter\" src=\"https:\/\/photovideoclubmayet72.com\/wp-content\/uploads\/2024\/05\/Oeil-3.jpg\" alt=\"L\u2019attribut alt de cette image est vide, son nom de fichier est Oeil-3.jpg.\" width=\"143\" height=\"67\" \/><\/p>\n<pre style=\"text-align: center;\"><strong>Salons, \u00e9v\u00e9nements &amp; publications<\/strong><\/pre>\n<ul>\n<li>Salons patronn\u00e9s<\/li>\n<li>\u00c9v\u00e9nements r\u00e9gionaux<\/li>\n<li>Publications<\/li>\n<li>Comp\u00e9titions 2022<\/li>\n<li>Partenariats<\/li>\n<li>News<\/li>\n<li>Comp\u00e9titions<\/li>\n<li>Formations<\/li>\n<\/ul>\n<p><span style=\"color: #ff6600;\"><a style=\"color: #ff6600;\" href=\"https:\/\/federation-photo.fr\/\">https:\/\/federation-photo.fr\/<\/a><\/span><\/p>\n<p>Diff\u00e9rentes expositions de Prestige, pour visualiser les \u0153uvres pr\u00e9sent\u00e9es dans ces expositions, cliquez sur le lien ci-dessous :<\/p>\n<p><span style=\"color: #ff6600;\"><a style=\"color: #ff6600;\" href=\"https:\/\/federation-photo.fr\/collections-prestige\/\">https:\/\/federation-photo.fr\/collections-prestige\/<\/a><\/span><\/p>\n\n\n<hr class=\"wp-block-separator has-alpha-channel-opacity\"\/>\n\n\n<p><img loading=\"lazy\" decoding=\"async\" class=\"aligncenter\" src=\"https:\/\/photovideoclubmayet72.com\/wp-content\/uploads\/2024\/05\/Oeil-3.jpg\" alt=\"L\u2019attribut alt de cette image est vide, son nom de fichier est Oeil-3.jpg.\" width=\"169\" height=\"79\" \/><\/p>\n<pre style=\"text-align: center;\">\u00c9crit par le photographe\u00a0<b>J\u00e9r\u00f4me Obiols<\/b><\/pre>\n<figure class=\"image-align-center\"><img decoding=\"async\" class=\"image-size-small aligncenter\" src=\"https:\/\/image.over-blog.com\/Y_mUB8o5hAxtWY4-mGj3uX9caBU=\/filters:no_upscale()\/image%2F3097761%2F20230220%2Fob_92f6b0_capture-d-ecran-2023-02-20-212813.jpg\" alt=\"\" data-amp-height=\"206\" data-amp-width=\"157\" \/><\/figure>\n<p>Cet ouvrage vous accompagne pas \u00e0 pas de la pr\u00e9paration d&rsquo;une randonn\u00e9e en montagne \u00e0 la r\u00e9ussite de vos prises de vue. L&rsquo;auteur vous livre ses conseils avis\u00e9s pour avancer progressivement dans la r\u00e9alisation de telles images.<br \/>Un ouvrage r\u00e9solument pratique, concret et richement illustr\u00e9, destin\u00e9 \u00e0 tous les photographes.<br \/>Un ouvrage destin\u00e9 \u00e0 tous les amateurs de photo de montagne.<\/p>\n<p>&#8211;\u00a01re \u00e9dition \u2022 184 PAGES \u2022 25 \u20ac \u2022 15 x 21 cm<\/p>\n\n\n<hr class=\"wp-block-separator has-alpha-channel-opacity\"\/>\n\n\n<pre style=\"text-align: center;\"><strong>Droit \u00e0 l'image et droit de faire des images.<\/strong><\/pre>\n<figure class=\"image-align-center\"><img decoding=\"async\" class=\"image-size-small aligncenter\" src=\"https:\/\/image.over-blog.com\/cn2jMcJhdOVzIaUsHeb8eFWGzhg=\/filters:no_upscale()\/image%2F3097761%2F20230220%2Fob_483021_capture-d-ecran-2023-02-20-211839.jpg\" alt=\"\" data-amp-height=\"207\" data-amp-width=\"153\" \/><\/figure>\n<p>Suite au succ\u00e8s de la premi\u00e8re \u00e9dition, l&rsquo;\u00e9diteur du magazine Comp\u00e9tence Photo propose la seconde \u00e9dition enti\u00e8rement mise \u00e0 jour et augment\u00e9e (640 pages au lieu de 476 pages) du livre\u00a0<strong>Droit \u00e0 l&rsquo;image et droit de faire des images, de Me Jo\u00eblle Verbrugge<\/strong>, \u00e9dit\u00e9 dans la collection\u00a0Les Guides Comp\u00e9tence Photo. L&rsquo;auteure y traite des nombreux aspects li\u00e9s \u00e0 cette probl\u00e9matique.<\/p>\n<p>\u00a0 Collection : Livre pratique<br \/>&#8211; 2e \u00e9dition \u2022 640 PAGES \u2022 33 \u20ac \u2022 15 x 21 cm<\/p>\n\n\n<hr class=\"wp-block-separator has-alpha-channel-opacity\"\/>\n\n\n<pre style=\"text-align: center;\">\u00c9crit par le photographe\u00a0<b>Philippe Blayo.\u00a0<\/b><\/pre>\n<figure class=\"image-align-center\"><img decoding=\"async\" class=\"image-size-small aligncenter\" src=\"https:\/\/image.over-blog.com\/50Ef45U7bD9fzFWEKbM8_gqZgKs=\/filters:no_upscale()\/image%2F3097761%2F20230220%2Fob_aa9a6d_capture-d-ecran-2023-02-20-210523.jpg\" alt=\"\" data-amp-height=\"215\" data-amp-width=\"153\" \/><\/figure>\n<p>Ce guide a pour objectif de faire gagner du temps \u00e0 celles et ceux qui souhaitent progresser dans la pratique de la photo de rue et s\u2019ouvrir \u00e0 une vision r\u00e9solument contemporaine de la street photography. Il aborde tout autant les probl\u00e9matiques techniques que l\u2019approche artistique.<\/p>\n<p>De la pr\u00e9paration en amont de la prise de vues \u00e0 la gestion des contraintes sur le terrain, en passant par les choix de cadrage et de composition (contre-jour, minimalisme, layers, flou, coupes, second plan, etc.), les r\u00e9glages de son bo\u00eetier (y compris le zone focusing et l\u2019hyperfocale), le travail en s\u00e9rie ou encore l\u2019\u00e9diting de ses photographies, ce guide apporte les r\u00e9ponses \u00e0 vos questions sur cette discipline si singuli\u00e8re. Apr\u00e8s sa lecture, vous serez assur\u00e9ment capable de mieux anticiper les sc\u00e8nes se d\u00e9roulant sous vos yeux. Un ouvrage destin\u00e9 \u00e0 tous les amateurs de photo de rue.\u00a0<\/p>\n<p>-1re \u00e9dition \u2022 220 PAGES \u2022 22 \u20ac \u2022 15 x 21 cm<\/p>\n\n\n<hr class=\"wp-block-separator has-alpha-channel-opacity\"\/>\n\n\n<p style=\"text-align: center;\"><span style=\"color: #008000;\"><strong>2022<\/strong><\/span><img loading=\"lazy\" decoding=\"async\" class=\"aligncenter\" src=\"https:\/\/photovideoclubmayet72.com\/wp-content\/uploads\/2024\/05\/Oeil-3.jpg\" alt=\"L\u2019attribut alt de cette image est vide, son nom de fichier est Oeil-3.jpg.\" width=\"143\" height=\"67\" \/><\/p>\n<pre style=\"text-align: center;\"><strong>Pour les bricoleurs.<\/strong><\/pre>\n<p>Comp\u00e9tence Photo vous propose de t\u00e9l\u00e9charger le gabarit du bricolage \u00ab\u00a0Fabriquez une mire de calibrage autofocus\u00a0\u00bb, publi\u00e9 dans le n\u00b084.<\/p>\n<p><span style=\"color: #ff6600;\"><a style=\"color: #ff6600;\" href=\"https:\/\/www.competencephoto.com\/Telechargez-le-gabarit-du-bricolage-Fabriquez-une-mire-de-calibrage-autofocus-Competence-Photo-n-84_a3397.html\">https:\/\/www.competencephoto.com\/Telechargez-le-gabarit-du-bricolage-Fabriquez-une-mire-de-calibrage-autofocus-Competence-Photo-n-84_a3397.html<\/a><\/span><\/p>\n<p><span style=\"color: #ff6600;\"><a style=\"color: #ff6600;\" href=\"https:\/\/www.competencephoto.com\/Bricolage_r113.html\">https:\/\/www.competencephoto.com\/Bricolage_r113.html<\/a><\/span><\/p>\n\n\n<hr class=\"wp-block-separator has-alpha-channel-opacity\"\/>\n\n\n<div class=\"ob-h1 \" style=\"text-align: center;\">Magazines photo : comparatif presse photographie<\/div>\n<p>Un tour d&rsquo;horizon et un comparatif des\u00a0<strong>magazines photo<\/strong>, qui devrait vous faciliter la t\u00e2che au moment d&rsquo;acheter un mag !<\/p>\n<p><span style=\"color: #ff6600;\"><a style=\"color: #ff6600;\" href=\"https:\/\/www.superprof.fr\/blog\/conseils-de-lecture-pour-devenir-photographe\/\">https:\/\/www.superprof.fr\/blog\/conseils-de-lecture-pour-devenir-photographe\/<\/a><\/span><\/p>\n<p><span style=\"color: #ff6600;\"><a style=\"color: #ff6600;\" href=\"https:\/\/www.press-directory.com\/presse-magazine\/magazine-photo.html\">https:\/\/www.press-directory.com\/presse-magazine\/magazine-photo.html<\/a><\/span><\/p>\n\n\n<hr class=\"wp-block-separator has-alpha-channel-opacity\"\/>\n\n\n<p style=\"text-align: center;\">Zoom photographe : Guy Bourdin<\/p>\n<p>Au travers de mises en sc\u00e8nes d\u00e9cal\u00e9es et suggestives, le photographe\u00a0<strong>Guy Bourdin<\/strong>\u00a0a su m\u00ealer\u00a0<strong>sensualit\u00e9 et surr\u00e9alisme<\/strong>\u00a0dans la\u00a0<strong>photographie de mode<\/strong>. Guy Bourdin \u00e9tait un inventeur, il a r\u00e9volutionn\u00e9 les codes des ann\u00e9es 50 et 60. Avec sa vision d\u2019une image qui prend le pas sur le produit, il a cr\u00e9\u00e9 de v\u00e9ritables \u00ab\u00a0pi\u00e8ges \u00e0 regard\u00a0\u00bb, engageant le spectateur dans une narration d\u00e9cal\u00e9e et suggestive.<\/p>\n<p>Suivre ce lien :<\/p>\n<p><span style=\"color: #ff6600;\"><a style=\"color: #ff6600;\" href=\"https:\/\/phototrend.fr\/2020\/05\/zoom-photographe-guy-bourdin\/\">https:\/\/phototrend.fr\/2020\/05\/zoom-photographe-guy-bourdin\/<\/a><\/span><\/p>\n<p>Pour d\u00e9couvrir d\u2019autres photographies de Guy Bourdin et de son univers myst\u00e9rieux, rendez-vous sur le site :<\/p>\n<p><span style=\"color: #ff6600;\"><a style=\"color: #ff6600;\" href=\"https:\/\/www.guybourdin.org\/guy-bourdin\">https:\/\/www.guybourdin.org\/guy-bourdin<\/a><\/span><\/p>\n\n\n<hr class=\"wp-block-separator has-alpha-channel-opacity\"\/>\n\n\n<p><img loading=\"lazy\" decoding=\"async\" class=\"aligncenter\" src=\"https:\/\/photovideoclubmayet72.com\/wp-content\/uploads\/2024\/05\/Oeil-3.jpg\" alt=\"L\u2019attribut alt de cette image est vide, son nom de fichier est Oeil-3.jpg.\" width=\"143\" height=\"67\" \/><\/p>\n<div class=\"ob-section ob-section-html \">\n<p style=\"text-align: center;\"><em>&#8211; Merci \u00e0 Jean pour la d\u00e9couverte du magazine \u00ab\u00a0OPENeye\u00a0\u00bb<\/em><\/p>\n<p>Un\u00a0<i>\u0152il\u00a0<\/i>sur la photographie d\u2019aujourd\u2019hui donne la parole aux artistes photographes, galeristes, curateurs et curatrices d\u2019exposition ou aux directions des festivals et salons. Une s\u00e9rie d\u2019interviews, en format court, r\u00e9alis\u00e9es par la petite \u00e9quipe b\u00e9n\u00e9vole d\u2019OPEN<i>eye.\u00a0<\/i><\/p>\n<p><strong>Vous pouvez vous abonner c\u2019est gratuit<\/strong>. Profitez-en et n&rsquo;h\u00e9sitez pas \u00e0 partager le lien avec vos amis partout o\u00f9 l&rsquo;anglais est parl\u00e9, m\u00eame si vous ne parlez pas l&rsquo;anglais l&rsquo; image est universelle et elles parlent d&rsquo;elles-m\u00eames !<\/p>\n<p><span class=\"d2edcug0 hpfvmrgz qv66sw1b c1et5uql lr9zc1uh a8c37x1j keod5gw0 nxhoafnm aigsh9s9 d3f4x2em fe6kdd0r mau55g9w c8b282yb iv3no6db jq4qci2q a3bd9o3v b1v8xokw oo9gr5id\" dir=\"auto\"><span class=\"d2edcug0 hpfvmrgz qv66sw1b c1et5uql lr9zc1uh jq4qci2q a3bd9o3v b1v8xokw oo9gr5id hzawbc8m\">Les num\u00e9ros pass\u00e9s en fran\u00e7ais et en anglais continuent d&rsquo;\u00eatre disponibles \u00e0 partir de la section t\u00e9l\u00e9chargement du site web\u00a0<a class=\"oajrlxb2 g5ia77u1 qu0x051f esr5mh6w e9989ue4 r7d6kgcz rq0escxv nhd2j8a9 nc684nl6 p7hjln8o kvgmc6g5 cxmmr5t8 oygrvhab hcukyx3x jb3vyjys rz4wbd8a qt6c0cv9 a8nywdso i1ao9s8h esuyzwwr f1sip0of lzcic4wl py34i1dx gpro0wi8\" tabindex=\"0\" role=\"link\" href=\"http:\/\/www.openeyelemagazine.fr\/?fbclid=IwAR0VClrAlg3HQBVu7UGlIcAajJxkMvNOGQEXCn-B2FwRviU8ZdxBKVFgzgI\" target=\"_blank\" rel=\"nofollow noopener\">www.openeyelemagazine.fr<\/a><\/span><\/span><\/p>\n<p>Version en anglais :\u00a0<span style=\"color: #ff6600;\"><a style=\"color: #ff6600;\" href=\"https:\/\/fr.calameo.com\/read\/00514340502525ce3abf4\">https:\/\/fr.calameo.com\/read\/00514340502525ce3abf4<\/a><\/span><\/p>\n<p>Lien sur Facebook :<span style=\"color: #ff6600;\">\u00a0<a style=\"color: #ff6600;\" href=\"https:\/\/www.facebook.com\/OPENeye99\/\">https:\/\/www.facebook.com\/OPENeye99\/<\/a><\/span><\/p>\n<\/div>\n<div class=\"ob-section ob-section-html \">\n<p>\u00a0Si vous manquez d\u2019inspiration, cette s\u00e9lection de magazines photo gratuits va vous permettre de nourrir votre esprit cr\u00e9atif.<\/p>\n<p><span style=\"color: #ff6600;\"><a style=\"color: #ff6600;\" href=\"https:\/\/www.ppoc.ca\/fr\/a_propos\/gallerie_magazine_fr.php\">https:\/\/www.ppoc.ca\/fr\/a_propos\/gallerie_magazine_fr.php<\/a><\/span><\/p>\n<p><span style=\"color: #ff6600;\"><a style=\"color: #ff6600;\" href=\"https:\/\/landscapephotographymagazine.com\/\">https:\/\/landscapephotographymagazine.com\/<\/a><\/span><\/p>\n<p><span style=\"color: #ff6600;\"><a style=\"color: #ff6600;\" href=\"http:\/\/fr.1001mags.com\/magazine\/nothing-magazine\">http:\/\/fr.1001mags.com\/magazine\/nothing-magazine<\/a><\/span><\/p>\n<p><span style=\"color: #ff6600;\"><a style=\"color: #ff6600;\" href=\"http:\/\/fr.1001mags.com\/magazine\/shooting-mag\">http:\/\/fr.1001mags.com\/magazine\/shooting-mag<\/a><\/span><\/p>\n<p><span style=\"color: #ff6600;\"><a style=\"color: #ff6600;\" href=\"http:\/\/fr.1001mags.com\/magazine\/bs-backstage-mag\">http:\/\/fr.1001mags.com\/magazine\/bs-backstage-mag<\/a><\/span><\/p>\n<\/div>\n\n\n<hr class=\"wp-block-separator has-alpha-channel-opacity\"\/>\n\n\n<p><img loading=\"lazy\" decoding=\"async\" class=\"aligncenter\" src=\"https:\/\/photovideoclubmayet72.com\/wp-content\/uploads\/2024\/05\/Oeil-3.jpg\" alt=\"L\u2019attribut alt de cette image est vide, son nom de fichier est Oeil-3.jpg.\" width=\"143\" height=\"67\" \/><\/p>\n<p><strong>FauneSauvage.fr<\/strong>\u00a0se veut ainsi un portail d\u2019<strong>admiration<\/strong>,\u00a0d\u2019<strong>information<\/strong>, de\u00a0<strong>connaissance<\/strong>, de\u00a0<strong>sensibilisation, d\u2019action<\/strong>\u00a0et\u00a0<strong>d\u2019\u00e9changes<\/strong>\u00a0au service de la faune sauvage.<\/p>\n<p><strong>Articles de magazine sur la faune sauvage :<\/strong><\/p>\n<p><span style=\"color: #ff6600;\"><a style=\"color: #ff6600;\" href=\"https:\/\/www.faunesauvage.fr\/\">https:\/\/www.faunesauvage.fr\/<\/a><\/span><\/p>\n<p><strong>Photographes animaliers :<\/strong><\/p>\n<p><span style=\"color: #ff6600;\"><a style=\"color: #ff6600;\" href=\"https:\/\/www.faunesauvage.fr\/galerie-photographes-2\">https:\/\/www.faunesauvage.fr\/galerie-photographes-2<\/a><\/span><\/p>\n<p><strong>Livres d&rsquo;art animalier :<\/strong><\/p>\n<p><span style=\"color: #ff6600;\"><a style=\"color: #ff6600;\" href=\"https:\/\/www.faunesauvage.fr\/admirer\/admirer-artiste\/admirer-artiste-livre\">https:\/\/www.faunesauvage.fr\/admirer\/admirer-artiste\/admirer-artiste-livre<\/a><\/span><\/p>\n\n\n<hr class=\"wp-block-separator has-alpha-channel-opacity\"\/>\n\n\n<p><img loading=\"lazy\" decoding=\"async\" class=\"aligncenter\" src=\"https:\/\/photovideoclubmayet72.com\/wp-content\/uploads\/2024\/05\/Oeil-3.jpg\" alt=\"L\u2019attribut alt de cette image est vide, son nom de fichier est Oeil-3.jpg.\" width=\"143\" height=\"67\" \/><\/p>\n<div class=\"ob-section ob-section-html \">\n<p><strong>Georges M\u00e9li\u00e8s<\/strong>, magicien du cin\u00e9ma,\u00a0Prestidigitateur, dessinateur, et homme de th\u00e9\u00e2tre, Georges M\u00e9li\u00e8s a compris avant tout le monde que le cin\u00e9matographe pouvait servir \u00e0 cr\u00e9er un univers magique, fait d&rsquo;illusions et de trucages. Il invente une nouvelle grammaire visuelle, avec des effets de montage audacieux\u00a0: les fondus encha\u00een\u00e9s, les surimpressions, les zooms.<\/p>\n<p>La vie de Georges M\u00e9li\u00e8s suivre ce lien :<\/p>\n<p><span style=\"color: #ff6600;\"><a style=\"color: #ff6600;\" href=\"https:\/\/www.melies.eu\/bio.html\">https:\/\/www.melies.eu\/bio.html<\/a><\/span><\/p>\n<\/div>\n<div class=\"ob-section ob-section-html \">\n<\/div>\n\n\n<hr class=\"wp-block-separator has-alpha-channel-opacity\"\/>\n","protected":false},"excerpt":{"rendered":"<p>2025 Les 1001 photographies qu&rsquo;il faut avoir vues dans sa vie. \u00c0 une \u00e9poque o\u00f9 des millions de clich\u00e9s sont pris chaque jour, ces images incroyables se distinguent par leur contenu accrocheur et leurs prouesses techniques. Cet ouvrage exhaustif raconte l&rsquo;histoire derri\u00e8re l&rsquo;objectif et met en lumi\u00e8re la fa\u00e7on dont cette puissante forme d&rsquo;art a &hellip; <\/p>\n<p class=\"link-more\"><a href=\"https:\/\/photovideoclubmayet72.com\/index.php\/2025\/03\/24\/loeil-de-la-photographie\/\" class=\"more-link\">Continuer la lecture<span class=\"screen-reader-text\"> de &laquo;&nbsp;L&rsquo;\u0153il de la photographie&nbsp;&raquo;<\/span><\/a><\/p>\n","protected":false},"author":1,"featured_media":0,"comment_status":"closed","ping_status":"open","sticky":false,"template":"","format":"standard","meta":{"footnotes":""},"categories":[32],"tags":[],"class_list":["post-1169","post","type-post","status-publish","format-standard","hentry","category-loeil-de-la-photographie"],"_links":{"self":[{"href":"https:\/\/photovideoclubmayet72.com\/index.php\/wp-json\/wp\/v2\/posts\/1169","targetHints":{"allow":["GET"]}}],"collection":[{"href":"https:\/\/photovideoclubmayet72.com\/index.php\/wp-json\/wp\/v2\/posts"}],"about":[{"href":"https:\/\/photovideoclubmayet72.com\/index.php\/wp-json\/wp\/v2\/types\/post"}],"author":[{"embeddable":true,"href":"https:\/\/photovideoclubmayet72.com\/index.php\/wp-json\/wp\/v2\/users\/1"}],"replies":[{"embeddable":true,"href":"https:\/\/photovideoclubmayet72.com\/index.php\/wp-json\/wp\/v2\/comments?post=1169"}],"version-history":[{"count":16,"href":"https:\/\/photovideoclubmayet72.com\/index.php\/wp-json\/wp\/v2\/posts\/1169\/revisions"}],"predecessor-version":[{"id":1776,"href":"https:\/\/photovideoclubmayet72.com\/index.php\/wp-json\/wp\/v2\/posts\/1169\/revisions\/1776"}],"wp:attachment":[{"href":"https:\/\/photovideoclubmayet72.com\/index.php\/wp-json\/wp\/v2\/media?parent=1169"}],"wp:term":[{"taxonomy":"category","embeddable":true,"href":"https:\/\/photovideoclubmayet72.com\/index.php\/wp-json\/wp\/v2\/categories?post=1169"},{"taxonomy":"post_tag","embeddable":true,"href":"https:\/\/photovideoclubmayet72.com\/index.php\/wp-json\/wp\/v2\/tags?post=1169"}],"curies":[{"name":"wp","href":"https:\/\/api.w.org\/{rel}","templated":true}]}}