{"id":1015,"date":"2022-09-23T16:53:00","date_gmt":"2022-09-23T14:53:00","guid":{"rendered":"https:\/\/photovideoclubmayet72.com\/?p=1015"},"modified":"2024-04-15T18:40:45","modified_gmt":"2024-04-15T16:40:45","slug":"20eme-salon-international-de-la-photographie-de-mayet-2022","status":"publish","type":"post","link":"https:\/\/photovideoclubmayet72.com\/index.php\/2022\/09\/23\/20eme-salon-international-de-la-photographie-de-mayet-2022\/","title":{"rendered":"20\u00e8me Salon International de la Photographie de Mayet &#8211; 2022"},"content":{"rendered":"<div class=\"wp-block-image\">\n<figure class=\"aligncenter size-large is-resized\"><img decoding=\"async\" src=\"https:\/\/image.over-blog.com\/VJGJ4QeZmRtiYnTkBdyRBmr9x20=\/filters:no_upscale()\/image%2F3097761%2F20220315%2Fob_b6007a_capture-d-ecran-2022-03-15-181535.jpg\" alt=\"\" style=\"width:405px;height:auto\"\/><\/figure>\n<\/div>\n\n<h2>20e SALON INTERNATIONAL DE LA PHOTOGRAPHIE DE MAYET<\/h2>\n<p style=\"text-align: center;\"><strong>20th PHOTOGRAPHIC INTERNATIONAL EXHIBITION<\/strong><br \/>organis\u00e9 par le Photo Vid\u00e9o Club Georges M\u00e9li\u00e8s<\/p>\n<p style=\"text-align: center;\">sous les patronages de<br \/>la F\u00e9d\u00e9ration Internationale de l\u2019Art Photographique (2022\/123)<br \/>Photographic Society of America (2022-68)<br \/>la F\u00e9d\u00e9ration Photographique de France (2022-05)<br \/>Image Sans Fronti\u00e8re (13\/2022)<\/p>\n<p>avec les concours du Conseil D\u00e9partemental de la Sarthe, de la Communaut\u00e9 de Communes Sud Sarthe et de la Ville de Mayet.<\/p>\n<p style=\"text-align: center;\"><em><span class=\"VIiyi\" lang=\"en\"><strong><span class=\"JLqJ4b ChMk0b\"><span class=\"Q4iAWc\">20th INTERNATIONAL PHOTOGRAPHY EXHIBITION OF MAYET<\/span><\/span><\/strong><\/span><\/em><\/p>\n<p style=\"text-align: center;\"><em><span class=\"VIiyi\" lang=\"en\"><strong><span class=\"JLqJ4b ChMk0b\"><span class=\"Q4iAWc\">20th PHOTOGRAPHIC INTERNATIONAL EXHIBITION<\/span><\/span><\/strong><\/span><\/em><\/p>\n<p style=\"text-align: center;\"><em><span class=\"VIiyi\" lang=\"en\"><span class=\"JLqJ4b ChMk0b\"><span class=\"Q4iAWc\">organized by the Photo Video Club Georges-M\u00e9li\u00e8s<\/span><\/span><\/span><\/em><\/p>\n<p style=\"text-align: center;\"><em><span class=\"VIiyi\" lang=\"en\"><span class=\"JLqJ4b ChMk0b\"><span class=\"Q4iAWc\">under the patronage<\/span><\/span><\/span><\/em><\/p>\n<p style=\"text-align: center;\"><em><span class=\"VIiyi\" lang=\"en\"><span class=\"JLqJ4b ChMk0b\"><span class=\"Q4iAWc\">of<\/span><\/span><span class=\"JLqJ4b\"><span class=\"Q4iAWc\">\u00a0<\/span><\/span><span class=\"JLqJ4b ChMk0b\"><span class=\"Q4iAWc\">the International Federation of Photographic Art (2022\/123)<\/span><\/span><\/span><\/em><\/p>\n<p style=\"text-align: center;\"><em><span class=\"VIiyi\" lang=\"en\"><span class=\"JLqJ4b ChMk0b\"><span class=\"Q4iAWc\">Photographic Society of America (2022-68)<\/span><\/span><\/span><\/em><\/p>\n<p style=\"text-align: center;\"><em><span class=\"VIiyi\" lang=\"en\"><span class=\"JLqJ4b ChMk0b\"><span class=\"Q4iAWc\">the French Photographic Federation (2022-05)<\/span><\/span><\/span><\/em><\/p>\n<p style=\"text-align: center;\"><em><span class=\"VIiyi\" lang=\"en\"><span class=\"JLqJ4b ChMk0b\"><span class=\"Q4iAWc\">Image Without Borders (13\/2022)<\/span><\/span><\/span><\/em><\/p>\n<p style=\"text-align: center;\"><em><span class=\"VIiyi\" lang=\"en\"><span class=\"JLqJ4b ChMk0b\"><span class=\"Q4iAWc\">With the assistance of the Departmental Council of Sarthe, the Community of CommunesSud Sarthe and the City of Mayet.<\/span><\/span><\/span><\/em><\/p>\n\n\n<figure class=\"wp-block-image size-large\"><img decoding=\"async\" src=\"https:\/\/image.over-blog.com\/PTDRewi2W_L5uHqq_R_Me7_ze1M=\/filters:no_upscale()\/image%2F3097761%2F20220922%2Fob_820350_index.jpg\" alt=\"\"\/><\/figure>\n\n\n\n<figure class=\"wp-block-image size-large\"><img decoding=\"async\" src=\"https:\/\/image.over-blog.com\/z9DWSU0Yuj1NuJch7QITfZs1eKg=\/filters:no_upscale()\/image%2F3097761%2F20220509%2Fob_76e27f_ddf-6904-n-copie-3.jpg\" alt=\"\"\/><\/figure>\n\n\n<p style=\"text-align: center;\">Ces deux expositions se tiendront jusqu&rsquo;au 31 mai 2022.<\/p>\n\n\n<figure class=\"wp-block-image size-large\"><img decoding=\"async\" src=\"https:\/\/image.over-blog.com\/CABJAQuL-YxlHOMHfY-GOQyQasQ=\/filters:no_upscale()\/image%2F3097761%2F20220424%2Fob_703247_affichette-a4.jpg\" alt=\"\"\/><\/figure>\n\n\n<p style=\"text-align: center;\"><strong>La terre vue de l&rsquo;espace photos de Thomas Pesquet astronaute de l&rsquo;ESA.<\/strong><\/p>\n\n<div class=\"ob-section ob-section-html \">\n<p style=\"text-align: center;\"><strong><em><span class=\"VIiyi\" lang=\"en\"><span class=\"JLqJ4b ChMk0b\"><span class=\"Q4iAWc\">Earth seen from space photos by ESA astronaut Thomas Pesquet.<\/span><\/span><\/span><\/em><\/strong><\/p>\n<\/div>\n<div class=\"ob-section ob-section-html \">\n<p style=\"text-align: center;\"><span class=\"style-scope yt-formatted-string\" dir=\"auto\">Exposition ext\u00e9rieure propos\u00e9e par le Photo Vid\u00e9o Club Georges M\u00e9li\u00e8s de Mayet (72360) dans le cadre de son 20\u00e8me salon international de la photographie (Mai 2022).<\/span><\/p>\n<\/div>\n\n<p>\u00a0Voir sur YouTube en suivant ce lien :<span style=\"color: #ff6600;\">\u00a0<a style=\"color: #ff6600;\" href=\"https:\/\/www.youtube.com\/watch?v=RgUzR8hx8uo&amp;t=29s\">https:\/\/www.youtube.com\/watch?v=RgUzR8hx8uo&amp;t=29s<\/a><\/span><\/p>\n<p style=\"text-align: center;\">\u00a0Image G\u00e9rard Houillon &#8211;\u00a0Montage Francis Coulon<\/p>\n\n\n<figure class=\"wp-block-image size-large\"><img decoding=\"async\" src=\"https:\/\/image.over-blog.com\/Pr5p_UhpM8yqRK_VKzw7geusVBs=\/filters:no_upscale()\/image%2F3097761%2F20220922%2Fob_3424eb_index.jpg\" alt=\"\"\/><\/figure>\n\n\n<p style=\"text-align: center;\"><strong>La terre qui nourrit les hommes, r\u00e9alisation images Sans Fronti\u00e8re, festival de la Gacilly.<\/strong><\/p>\n\n<p style=\"text-align: center;\"><strong><em><span class=\"VIiyi\" lang=\"en\"><span class=\"JLqJ4b ChMk0b\"><span class=\"Q4iAWc\">The land that feeds men, production of images Sans Fronti\u00e8re, Gacilly festival.<\/span><\/span><\/span><\/em><\/strong><\/p>\n\n\n<figure class=\"wp-block-image size-large\"><img decoding=\"async\" src=\"https:\/\/image.over-blog.com\/j6tM1FUizwkC_MlFnB8dx8saGSM=\/filters:no_upscale()\/image%2F3097761%2F20220922%2Fob_0c6694_index.jpg\" alt=\"\"\/><\/figure>\n\n\n<h5 style=\"text-align: center;\"><em><strong>\u00a030 mars 2022<\/strong><\/em><\/h5>\n\n\n<figure class=\"wp-block-image size-large\"><img decoding=\"async\" src=\"https:\/\/image.over-blog.com\/WbNJHkzLKGahZNjhQQQ1BWc50Mw=\/filters:no_upscale()\/image%2F3097761%2F20220330%2Fob_d03111_thumbnail.jpg\" alt=\"\"\/><\/figure>\n\n\n<p><u><strong>RESULTAT DU CONCOURS INTERNATIONAL DE LA PHOTOGRAPHIE DE MAYET &#8211; 2022<\/strong><\/u><\/p>\n<p><em>&#8211; L&rsquo;expo en salle sera ouverte au public du samedi\u00a0<strong>7 mai au dimanche 15\u00a0 mai.<\/strong><\/em><\/p>\n<p><em><u><strong><span class=\"VIiyi\" lang=\"en\"><span class=\"JLqJ4b ChMk0b\"><span class=\"Q4iAWc\">RESULTS OF THE MAYET INTERNATIONAL PHOTOGRAPHY COMPETITION &#8211; 2022<\/span><\/span><\/span><\/strong><\/u><\/em><\/p>\n<p style=\"text-align: center;\"><em><span class=\"VIiyi\" lang=\"en\"><span class=\"JLqJ4b ChMk0b\"><span class=\"Q4iAWc\">The indoor exhibition will be open to the public from Saturday May\u00a0<strong>7 to Sunday May 15.<\/strong><\/span><\/span><\/span><\/em><\/p>\n\n\n<figure class=\"wp-block-image size-large\"><img decoding=\"async\" src=\"https:\/\/image.over-blog.com\/lo6D5oCqi-aAvKUHjYMVF9bsVVo=\/filters:no_upscale()\/image%2F3097761%2F20220314%2Fob_62850b_5-en-tant-qu-objet-dynamique-1-copie.jpg\" alt=\"\"\/><\/figure>\n\n\n\n<figure class=\"wp-block-image size-large\"><img decoding=\"async\" src=\"https:\/\/image.over-blog.com\/ktGp1ohwfEoSC4RLIQO5nxWwqag=\/filters:no_upscale()\/image%2F3097761%2F20220922%2Fob_6cd8e9_index.jpg\" alt=\"\"\/><\/figure>\n\n\n<p style=\"text-align: center;\"><strong>Juge 1 &#8211; Fran\u00e7oise Dufau\u00a0<i>\u00a0 &#8211; \u00a0\u00a0<\/i><\/strong><i>http:\/\/francoisedufau.com<\/i><\/p>\n<p style=\"text-align: center;\"><strong>Juge 2 &#8211; Anouk Graux\u00a0<i>\u00a0\u00a0\u00a0\u00a0\u00a0\u00a0\u00a0 &#8211;\u00a0\u00a0<\/i><\/strong><i>https:\/\/www.facebook.com\/anouk.graux<\/i><\/p>\n<p style=\"text-align: center;\"><strong>Juge 3 &#8211; Florian Sau<\/strong><i>\u00a0\u00a0\u00a0\u00a0\u00a0\u00a0\u00a0\u00a0\u00a0\u00a0 &#8211;\u00a0 https:\/\/www.facebook.com\/impressionfineart72\/<strong>\u00a0\u00a0<\/strong><\/i><\/p>\n\n<table width=\"718\" data-cke-table-faked-selection-table=\"\">\n<tbody>\n<tr>\n<td colspan=\"3\">\n<p style=\"text-align: center;\"><strong>MAYET &#8211; PALMARES COULEUR &#8211; 2022<\/strong><\/p>\n<\/td>\n<\/tr>\n<tr>\n<td>\n<p><strong>Auteur<\/strong><\/p>\n<\/td>\n<td>\n<p><strong>Photo<\/strong><\/p>\n<\/td>\n<td>\n<p><strong>Distinction<\/strong><\/p>\n<\/td>\n<\/tr>\n<tr>\n<td>\n<p><strong>PIRES-DIAZ Jos\u00e9 Manuel<\/strong><\/p>\n<\/td>\n<td>\n<p><em>Le monde est cass\u00e9<\/em><\/p>\n<\/td>\n<td>\n<p><strong>M\u00e9daille or FIAP<\/strong><\/p>\n<\/td>\n<\/tr>\n<tr>\n<td>\n<p><strong>FARRET Alain<\/strong><\/p>\n<\/td>\n<td>\n<p><em>Chemin d\u2019automne<\/em><\/p>\n<\/td>\n<td>\n<p><strong>M\u00e9daille or PSA<\/strong><\/p>\n<\/td>\n<\/tr>\n<tr>\n<td>\n<p><strong>HOLMSTR\u00d6M Katarina<\/strong><\/p>\n<\/td>\n<td>\n<p><em>Birds of a feather<\/em><\/p>\n<\/td>\n<td>\n<p><strong>M\u00e9daille or FPF<\/strong><\/p>\n<\/td>\n<\/tr>\n<tr>\n<td>\n<p><strong>BOURDIN Dominique<\/strong><\/p>\n<\/td>\n<td>\n<p><em>Alice\u2019s worries<\/em><\/p>\n<\/td>\n<td>\n<p><strong>M\u00e9daille argent FIAP<\/strong><\/p>\n<\/td>\n<\/tr>\n<tr>\n<td>\n<p><strong>TARGOSZ Corinne<\/strong><\/p>\n<\/td>\n<td>\n<p><em>Cama\u00efeu rouge<\/em><\/p>\n<\/td>\n<td>\n<p><strong>M\u00e9daille argent PSA<\/strong><\/p>\n<\/td>\n<\/tr>\n<tr>\n<td>\n<p><strong>VICHOT Dominique<\/strong><\/p>\n<\/td>\n<td>\n<p><em>L\u2019attente<\/em><\/p>\n<\/td>\n<td>\n<p><strong>M\u00e9daille argent FPF<\/strong><\/p>\n<\/td>\n<\/tr>\n<tr>\n<td>\n<p><strong>BLONDEL Christian<\/strong><\/p>\n<\/td>\n<td>\n<p><em>Costume v\u00e9nitien<\/em><\/p>\n<\/td>\n<td>\n<p><strong>M\u00e9daille bronze FIAP<\/strong><\/p>\n<\/td>\n<\/tr>\n<tr>\n<td>\n<p><strong>GRETEAU Gary<\/strong><\/p>\n<\/td>\n<td>\n<p><em>Marine Freckles<\/em><\/p>\n<\/td>\n<td>\n<p><strong>M\u00e9daille bronze PSA<\/strong><\/p>\n<\/td>\n<\/tr>\n<tr>\n<td>\n<p><strong>HOURIEZ Anne-Marie<\/strong><\/p>\n<\/td>\n<td>\n<p><em>Salut l\u2019artiste<\/em><\/p>\n<\/td>\n<td>\n<p><strong>M\u00e9daille bronze FPF<\/strong><\/p>\n<\/td>\n<\/tr>\n<tr>\n<td>\n<p><strong>MONDIE Fabienne<\/strong><\/p>\n<\/td>\n<td>\n<p><em>Vieux livre<\/em><\/p>\n<\/td>\n<td>\n<p><strong>M\u00e9daille ISF<\/strong><\/p>\n<\/td>\n<\/tr>\n<tr>\n<td>\n<p><strong>ROUSSILLON Claude<\/strong><\/p>\n<\/td>\n<td>\n<p><em>Dark matter 20<\/em><\/p>\n<\/td>\n<td>\n<p><strong>Dipl\u00f4me ISF<\/strong><\/p>\n<\/td>\n<\/tr>\n<tr>\n<td>\n<p><strong>CANON Alain<\/strong><\/p>\n<\/td>\n<td>\n<p><em>R\u00e9p\u00e9tition<\/em><\/p>\n<\/td>\n<td>\n<p><strong>Dipl\u00f4me ISF<\/strong><\/p>\n<\/td>\n<\/tr>\n<tr>\n<td>\n<p><strong>ETIENNE Anne-Marie<\/strong><\/p>\n<\/td>\n<td>\n<p><em>Camp fire under the star<\/em><\/p>\n<\/td>\n<td>\n<p><strong>Mention honneur FIAP<\/strong><\/p>\n<\/td>\n<\/tr>\n<tr>\n<td>\n<p><strong>ROBIN Dominique<\/strong><\/p>\n<\/td>\n<td>\n<p><em>Th\u00e9r\u00e8se<\/em><\/p>\n<\/td>\n<td>\n<p><strong>Mention honneur FIAP<\/strong><\/p>\n<\/td>\n<\/tr>\n<tr>\n<td>\n<p><strong>CHERMETTE Daniel<\/strong><\/p>\n<\/td>\n<td>\n<p><em>Vue sur la ville<\/em><\/p>\n<\/td>\n<td>\n<p><strong>Mention honneur FIAP<\/strong><\/p>\n<\/td>\n<\/tr>\n<tr>\n<td>\n<p><strong>SAJOT Nicolas<\/strong><\/p>\n<\/td>\n<td>\n<p><em>Couloir du temps<\/em><\/p>\n<\/td>\n<td>\n<p><strong>Mention honneur FIAP<\/strong><\/p>\n<\/td>\n<\/tr>\n<tr>\n<td>\n<p><strong>LE GAC Michel<\/strong><\/p>\n<\/td>\n<td>\n<p><em>Sur les remparts<\/em><\/p>\n<\/td>\n<td>\n<p><strong>Mention honneur FIAP<\/strong><\/p>\n<\/td>\n<\/tr>\n<tr>\n<td>\n<p><strong>LOP\u00c9R\u00c9 R\u00e9my<\/strong><\/p>\n<\/td>\n<td>\n<p><em>La cabane du sel<\/em><\/p>\n<\/td>\n<td>\n<p><strong>Mention honneur FIAP<\/strong><\/p>\n<\/td>\n<\/tr>\n<tr>\n<td>\u00a0<\/td>\n<td>\u00a0<\/td>\n<td>\u00a0<\/td>\n<\/tr>\n<tr>\n<td>\n<p><strong>HOLMSTR\u00d6M Katarina<\/strong><\/p>\n<\/td>\n<td>\n<p><em>Birds of a feather<\/em><\/p>\n<\/td>\n<td>\n<p><strong>Coup c\u0153ur \/ favotrite\u2019s Juge 1<\/strong><\/p>\n<\/td>\n<\/tr>\n<tr>\n<td>\n<p><strong>PIRES-DIAZ Jos\u00e9 Manuel<\/strong><\/p>\n<\/td>\n<td>\n<p><em>Le monde est cass\u00e9<\/em><\/p>\n<\/td>\n<td>\n<p><strong>Coup c\u0153ur \/ favotrite\u2019s Juge 2<\/strong><\/p>\n<\/td>\n<\/tr>\n<tr>\n<td>\n<p><strong>GRETEAU Gary<\/strong><\/p>\n<\/td>\n<td>\n<p><em>Marine Freckles<\/em><\/p>\n<\/td>\n<td>\n<p><strong>Coup c\u0153ur \/ favotrite\u2019s Juge 3<\/strong><\/p>\n<\/td>\n<\/tr>\n<\/tbody>\n<\/table>\n\n<p class=\"Contenudetableau\" align=\"center\"><b>MEILLEURE AUTEUR &#8211; BEST AUTHOR<\/b><br \/>\u00a0<em>(Plus haute notation sur l\u2019ensemble des huit photos \/ highest rating on all eight photos)<\/em><\/p>\n\n<table style=\"font-weight: 400;\" width=\"803\">\n<tbody>\n<tr>\n<td>\n<h5><strong>TARGOSZ Corinne<\/strong><\/h5>\n<\/td>\n<td>\n<h5><strong>Ruban FIAP\u00a0 &#8211;\u00a0 Troph\u00e9e FPF<\/strong><\/h5>\n<\/td>\n<\/tr>\n<\/tbody>\n<\/table>\n<p style=\"text-align: center;\">\u2026<\/p>\n\n\n<figure class=\"wp-block-image size-large\"><img decoding=\"async\" src=\"https:\/\/image.over-blog.com\/8Z6Mbxi3xkYegRf8MdMJKfgmHZM=\/filters:no_upscale()\/image%2F3097761%2F20220922%2Fob_12abee_index.jpg\" alt=\"\"\/><\/figure>\n\n\n\n<figure class=\"wp-block-image size-large\"><img decoding=\"async\" src=\"https:\/\/image.over-blog.com\/4ULZeyXFtfdTTA717fQ_ACkG7yU=\/filters:no_upscale()\/image%2F3097761%2F20220922%2Fob_fd119e_index.jpg\" alt=\"\"\/><\/figure>\n\n\n\n<figure class=\"wp-block-image size-large\"><img decoding=\"async\" src=\"https:\/\/image.over-blog.com\/P4Wz7-oeRBBllKstox-gxSeRH6o=\/filters:no_upscale()\/image%2F3097761%2F20220922%2Fob_2bacea_index.jpg\" alt=\"\"\/><\/figure>\n\n\n\n<hr class=\"wp-block-separator has-alpha-channel-opacity\"\/>\n\n\n<p style=\"text-align: center;\"><strong>Juge 1- Claudine Lain\u00e9<\/strong>\u00a0&#8211;\u00a0<em>https:\/\/federation-photo.fr\/2017\/06\/30\/claudine-laine\/<\/em><\/p>\n<p style=\"text-align: center;\"><strong>Juge 2 &#8211; G\u00e9rard Morel<\/strong><\/p>\n<p style=\"text-align: center;\"><strong>Juge 3 &#8211; Pauline Petit<\/strong>\u00a0&#8211;\u00a0<em>https:\/\/pauline-petit.fr\/<\/em><\/p>\n\n\n<figure class=\"wp-block-image size-large\"><img decoding=\"async\" src=\"https:\/\/image.over-blog.com\/Zd0NfEtKlSt7RffrNyH9rwiyE6w=\/filters:no_upscale()\/image%2F3097761%2F20220922%2Fob_1acc72_index.jpg\" alt=\"\"\/><\/figure>\n\n\n\n<hr class=\"wp-block-separator has-alpha-channel-opacity\"\/>\n\n\n<p style=\"text-align: center;\"><strong>\u00a0<u>MAYET &#8211; PALMAR\u00c8S MONOCHROME 2022<\/u><\/strong><\/p>\n<table class=\"Table\">\n<tbody>\n<tr>\n<td valign=\"top\">\n<p class=\"Contenudetableau\" align=\"center\"><b>Auteur<\/b><\/p>\n<\/td>\n<td valign=\"top\">\n<p class=\"Contenudetableau\" align=\"center\"><b>Photo<\/b><\/p>\n<\/td>\n<td valign=\"top\">\n<p class=\"Contenudetableau\" align=\"center\"><b>Distinction<\/b><\/p>\n<\/td>\n<\/tr>\n<tr>\n<td valign=\"top\">\n<p class=\"Contenudetableau\"><strong>CHERMETTE Daniel<\/strong><\/p>\n<\/td>\n<td valign=\"top\">\n<p class=\"Contenudetableau\"><em>Sur le pont<\/em><\/p>\n<\/td>\n<td valign=\"top\">\n<p class=\"Contenudetableau\"><strong>M\u00e9daille or FIAP<\/strong><\/p>\n<\/td>\n<\/tr>\n<tr>\n<td valign=\"top\">\n<p class=\"Contenudetableau\"><strong>GUILLOTIN Gilbert<\/strong><\/p>\n<\/td>\n<td valign=\"top\">\n<p class=\"Contenudetableau\"><em>Brumes matinales<\/em><\/p>\n<\/td>\n<td valign=\"top\">\n<p class=\"Contenudetableau\"><strong>M\u00e9daille or PSA<\/strong><\/p>\n<\/td>\n<\/tr>\n<tr>\n<td valign=\"top\">\n<p class=\"Contenudetableau\"><strong>STALMANS Luc<\/strong><\/p>\n<\/td>\n<td valign=\"top\">\n<p class=\"Contenudetableau\"><em>Je suis venu te dire que je m\u2019en vais&#8230;<\/em><\/p>\n<\/td>\n<td valign=\"top\">\n<p class=\"Contenudetableau\"><strong>M\u00e9daille or FPF<\/strong><\/p>\n<\/td>\n<\/tr>\n<tr>\n<td valign=\"top\">\n<p class=\"Contenudetableau\"><strong>TARGOSZ Corinne<\/strong><\/p>\n<\/td>\n<td valign=\"top\">\n<p class=\"Contenudetableau\"><em>Patience<\/em><\/p>\n<\/td>\n<td valign=\"top\">\n<p class=\"Contenudetableau\"><strong>M\u00e9daille argent FIAP<\/strong><\/p>\n<\/td>\n<\/tr>\n<tr>\n<td valign=\"top\">\n<p class=\"Contenudetableau\"><strong>HOLMSTR\u00d6M Katarina<\/strong><\/p>\n<\/td>\n<td valign=\"top\">\n<p class=\"Contenudetableau\"><em>By the window<\/em><\/p>\n<\/td>\n<td valign=\"top\">\n<p class=\"Contenudetableau\"><strong>M\u00e9daille argent PSA<\/strong><\/p>\n<\/td>\n<\/tr>\n<tr>\n<td valign=\"top\">\n<p class=\"Contenudetableau\"><strong>JEZEQUEL Christian<\/strong><\/p>\n<\/td>\n<td valign=\"top\">\n<p class=\"Contenudetableau\"><em>Whitney Miguel<\/em><\/p>\n<\/td>\n<td valign=\"top\">\n<p class=\"Contenudetableau\"><strong>M\u00e9daille argent FPF<\/strong><\/p>\n<\/td>\n<\/tr>\n<tr>\n<td valign=\"top\">\n<p class=\"Contenudetableau\"><strong>PEDELMAS Pierre<\/strong><\/p>\n<\/td>\n<td valign=\"top\">\n<p class=\"Contenudetableau\"><em>Lola<\/em><\/p>\n<\/td>\n<td valign=\"top\">\n<p class=\"Contenudetableau\"><strong>M\u00e9daille bronze FIAP<\/strong><\/p>\n<\/td>\n<\/tr>\n<tr>\n<td valign=\"top\">\n<p class=\"Contenudetableau\"><strong>CHAMPENOIS Jacky<\/strong><\/p>\n<\/td>\n<td valign=\"top\">\n<p class=\"Contenudetableau\"><em>Randonneurs 2<\/em><\/p>\n<\/td>\n<td valign=\"top\">\n<p class=\"Contenudetableau\"><strong>M\u00e9daille bronze PSA<\/strong><\/p>\n<\/td>\n<\/tr>\n<tr>\n<td valign=\"top\">\n<p class=\"Contenudetableau\"><strong>SCAZZOLA Laurent<\/strong><\/p>\n<\/td>\n<td valign=\"top\">\n<p class=\"Contenudetableau\"><em>Bille en t\u00eate<\/em><\/p>\n<\/td>\n<td valign=\"top\">\n<p class=\"Contenudetableau\"><strong>M\u00e9daille bronze FPF<\/strong><\/p>\n<\/td>\n<\/tr>\n<tr>\n<td valign=\"top\">\n<p class=\"Contenudetableau\"><strong>GRETEAU Gary<\/strong><\/p>\n<\/td>\n<td valign=\"top\">\n<p class=\"Contenudetableau\"><em>Juliette Freckles<\/em><\/p>\n<\/td>\n<td valign=\"top\">\n<p class=\"Contenudetableau\"><strong>M\u00e9daille ISF<\/strong><\/p>\n<\/td>\n<\/tr>\n<tr>\n<td valign=\"top\">\n<p class=\"Contenudetableau\"><strong>HOURIEZ Anne-Marie<\/strong><\/p>\n<\/td>\n<td valign=\"top\">\n<p class=\"Contenudetableau\"><em>Th\u00e9 blanc<\/em><\/p>\n<\/td>\n<td valign=\"top\">\n<p class=\"Contenudetableau\"><strong>Dipl\u00f4me ISF<\/strong><\/p>\n<\/td>\n<\/tr>\n<tr>\n<td valign=\"top\">\n<p class=\"Contenudetableau\"><strong>GAJDOS Gabor<\/strong><\/p>\n<\/td>\n<td valign=\"top\">\n<p class=\"Contenudetableau\"><em>Standing in thr light<\/em><\/p>\n<\/td>\n<td valign=\"top\">\n<p class=\"Contenudetableau\"><strong>Dipl\u00f4me ISF<\/strong><\/p>\n<\/td>\n<\/tr>\n<tr>\n<td valign=\"top\">\n<p class=\"Contenudetableau\"><strong>LE FUSTEC S\u00e9bastien<\/strong><\/p>\n<\/td>\n<td valign=\"top\">\n<p class=\"Contenudetableau\"><em>Le cirque<\/em><\/p>\n<\/td>\n<td valign=\"top\">\n<p class=\"Contenudetableau\"><strong>Mention honneur FIAP<\/strong><\/p>\n<\/td>\n<\/tr>\n<tr>\n<td valign=\"top\">\n<p class=\"Contenudetableau\"><strong>SUSTRAC Bernard<\/strong><\/p>\n<\/td>\n<td valign=\"top\">\n<p class=\"Contenudetableau\">Confluences<\/p>\n<\/td>\n<td valign=\"top\">\n<p class=\"Contenudetableau\"><strong>Mention honneur FIAP<\/strong><\/p>\n<\/td>\n<\/tr>\n<tr>\n<td valign=\"top\">\n<p class=\"Contenudetableau\"><strong>FARRET Alain<\/strong><\/p>\n<\/td>\n<td valign=\"top\">\n<p class=\"Contenudetableau\"><em>Trio d\u2019arbres<\/em><\/p>\n<\/td>\n<td valign=\"top\">\n<p class=\"Contenudetableau\"><strong>Mention honneur FIAP<\/strong><\/p>\n<\/td>\n<\/tr>\n<tr>\n<td valign=\"top\">\n<p class=\"Contenudetableau\"><strong>VAN BALKEN Marcel<\/strong><\/p>\n<\/td>\n<td valign=\"top\">\n<p class=\"Contenudetableau\"><em>Runner<\/em><\/p>\n<\/td>\n<td valign=\"top\">\n<p class=\"Contenudetableau\"><strong>Mention honneur FIAP<\/strong><\/p>\n<\/td>\n<\/tr>\n<tr>\n<td valign=\"top\">\n<p class=\"Contenudetableau\"><strong>AUBRUN Philippe<\/strong><\/p>\n<\/td>\n<td valign=\"top\">\n<p class=\"Contenudetableau\"><em>Kriss<\/em><\/p>\n<\/td>\n<td valign=\"top\">\n<p class=\"Contenudetableau\"><strong>Mention honneur FIAP<\/strong><\/p>\n<\/td>\n<\/tr>\n<tr>\n<td valign=\"top\">\n<p class=\"Contenudetableau\"><strong>SAJOT Nicolas<\/strong><\/p>\n<\/td>\n<td valign=\"top\">\n<p class=\"Contenudetableau\"><em>Sur la passerelle<\/em><\/p>\n<\/td>\n<td valign=\"top\">\n<p class=\"Contenudetableau\"><strong>Mention honneur FIAP<\/strong><\/p>\n<\/td>\n<\/tr>\n<tr>\n<td valign=\"top\">\u00a0<\/td>\n<td valign=\"top\">\n<p class=\"Contenudetableau\">\u00a0<\/p>\n<\/td>\n<td valign=\"top\">\n<p class=\"Contenudetableau\">\u00a0<\/p>\n<\/td>\n<\/tr>\n<tr>\n<td valign=\"top\">\n<p class=\"Contenudetableau\"><strong>HOURIEZ Jean<\/strong><\/p>\n<\/td>\n<td valign=\"top\">\n<p class=\"Contenudetableau\"><em>Katia<\/em><\/p>\n<\/td>\n<td valign=\"top\">\n<p class=\"Contenudetableau\"><strong>Coup c\u0153ur Juge 1<\/strong><\/p>\n<\/td>\n<\/tr>\n<tr>\n<td valign=\"top\">\n<p class=\"Contenudetableau\"><strong>TARGOSZ Corinne<\/strong><\/p>\n<\/td>\n<td valign=\"top\">\n<p class=\"Contenudetableau\"><em>Patience<\/em><\/p>\n<\/td>\n<td valign=\"top\">\n<p class=\"Contenudetableau\"><strong>Coup c\u0153ur Juge 2<\/strong><\/p>\n<\/td>\n<\/tr>\n<tr>\n<td valign=\"top\">\n<p class=\"Contenudetableau\"><strong>MERCKX Andr\u00e9<\/strong><\/p>\n<\/td>\n<td valign=\"top\">\n<p class=\"Contenudetableau\"><em>Kreta<\/em><\/p>\n<\/td>\n<td valign=\"top\">\n<p class=\"Contenudetableau\"><strong>Coup c\u0153ur Juge 3<\/strong><\/p>\n<\/td>\n<\/tr>\n<\/tbody>\n<\/table>\n\n\n<hr class=\"wp-block-separator has-alpha-channel-opacity\"\/>\n\n\n\n<figure class=\"wp-block-image size-large\"><img decoding=\"async\" src=\"https:\/\/image.over-blog.com\/sw6ehBNhOThV5HRmBvDLgdtqo8E=\/filters:no_upscale()\/image%2F3097761%2F20220922%2Fob_9e33aa_index.jpg\" alt=\"\"\/><\/figure>\n\n\n\n<figure class=\"wp-block-image size-large\"><img decoding=\"async\" src=\"https:\/\/image.over-blog.com\/ijfUCuKiBkDOUMQlCWlewXVD9_8=\/filters:no_upscale()\/image%2F3097761%2F20220922%2Fob_6ea456_index.jpg\" alt=\"\"\/><\/figure>\n\n\n\n<figure class=\"wp-block-image size-large\"><img decoding=\"async\" src=\"https:\/\/image.over-blog.com\/cK42zaEHEl4SBPWT0YYkhBpntNU=\/filters:no_upscale()\/image%2F3097761%2F20220922%2Fob_570e33_index.jpg\" alt=\"\"\/><\/figure>\n\n\n<p align=\"center\"><b>MEILLEURE AUTEUR &#8211; BEST AUTHOR<\/b><\/p>\n<p align=\"center\"><b>\u00a0Corine TARGOSZ\u00a0\u00a0 &#8211; \u00a0 385 points pour ses huit photos<\/b><\/p>\n\n<div class=\"ob-section ob-section-html \">\n<p style=\"text-align: center;\">Suivent :<\/p>\n<p style=\"text-align: center;\"><strong>Gary Greteau &#8211; 381 points<\/strong><\/p>\n<p style=\"text-align: center;\"><strong>Jos\u00e9 Manuel Pires-Dias et Alain Farret &#8211; 379 points<\/strong><\/p>\n<p style=\"text-align: center;\"><strong>Luc Stalmans &#8211; 372 points<\/strong><\/p>\n<p style=\"text-align: center;\"><strong>Katarina Holmstr\u00f6m &#8211; 370 points<\/strong><\/p>\n<\/div>\n\n\n<figure class=\"wp-block-image size-full\"><img loading=\"lazy\" decoding=\"async\" width=\"785\" height=\"587\" src=\"https:\/\/photovideoclubmayet72.com\/wp-content\/uploads\/2024\/04\/1.jpg\" alt=\"\" class=\"wp-image-1016\" srcset=\"https:\/\/photovideoclubmayet72.com\/wp-content\/uploads\/2024\/04\/1.jpg 785w, https:\/\/photovideoclubmayet72.com\/wp-content\/uploads\/2024\/04\/1-300x224.jpg 300w, https:\/\/photovideoclubmayet72.com\/wp-content\/uploads\/2024\/04\/1-768x574.jpg 768w\" sizes=\"auto, (max-width: 767px) 89vw, (max-width: 1000px) 54vw, (max-width: 1071px) 543px, 580px\" \/><\/figure>\n\n\n\n<hr class=\"wp-block-separator has-alpha-channel-opacity\"\/>\n\n\n<h5 style=\"text-align: center;\"><em>5\u00a0 et 6 mars 2022<\/em><\/h5>\n\n<div class=\"ob-h1 post-title title\" style=\"text-align: center;\"><strong><u>Jugement du 20\u1d49 Salon International de la Photographie de Mayet &#8211; 2022<\/u><\/strong><\/div>\n<p>\u00a0<\/p>\n<p style=\"text-align: center;\"><strong>Pr\u00e9sentation des photos au jury.<\/strong><\/p>\n<p>Avant d\u2019arriver en salle de jugement et d\u2019\u00eatre pr\u00e9sent\u00e9es au jury, les photos sont m\u00e9lang\u00e9es dans chaque cat\u00e9gories, puis les images sont ventil\u00e9es sur 3 tas distincts puis distribu\u00e9es \u00e0 chaque juges. Le jury est compos\u00e9 de 3 juges (juge1, juge2, et juge3).<\/p>\n<p style=\"text-align: center;\"><strong>Le jugement<\/strong><\/p>\n<p>Une premi\u00e8re analyse est effectu\u00e9e, le juge va diviser les photos en 3 tas pour obtenir des tendances. Un premier tas pour les photos de niveau faible (erreurs lourdes lors de la prise vue, du tirage\u2026), un deuxi\u00e8me tas pour les photos de niveau satisfaisant\u00a0 (notes qui vont tourner en gros entre 9 et 12 ou 13\/20) puis un troisi\u00e8me tas pour les photos de bon, voir de tr\u00e8s bon niveau (note &gt;13 ou 15\/20). Ceci va permettre de faire une pr\u00e9-s\u00e9lection. Le juge peu repositionner certaines photos.<\/p>\n<p>En second temps, le juge va ventiler les images en face des \u00e9tiquettes pr\u00e9sentent sur la table correspondant \u00e0 la note sur 20 qu\u2019il souhaite attribuer.<\/p>\n<p>Une fois le jugement termin\u00e9, le juge informe l\u2019assistant(e), pour effectuer la saisie des notes \u00e0 l\u2019arri\u00e8re de toutes les photos. L\u2019assistant(e) va ensuite re-m\u00e9langer les images pour les transmettre au juge suivant. Apr\u00e8s 3 rotations, chaque image va obtenir trois notes sur 20, la somme des notes va donner une note sur 60, qui va d\u00e9terminer le classement g\u00e9n\u00e9ral.<\/p>\n<p style=\"text-align: center;\"><strong>Le coup de c\u0153ur des juges.<\/strong><\/p>\n<p>Lorsque le jugement est termin\u00e9, les 3 juges ont la possibilit\u00e9 de donner un ou des coups de c\u0153urs. Une photo auquel le juge a donn\u00e9 une tr\u00e8s bonne note, ou bien l\u2019occasion de primer une photo sur laquelle le juge a flash\u00e9, pour encourager un ou des auteurs.<\/p>\n\n\n<hr class=\"wp-block-separator has-alpha-channel-opacity\"\/>\n\n\n<p><em><u><strong><span class=\"VIiyi\" lang=\"en\"><span class=\"JLqJ4b ChMk0b\"><span class=\"Q4iAWc\">Judging of the 20th Mayet International Photography Competition &#8211; 2022<\/span><\/span><\/span><\/strong><\/u><\/em><\/p>\n<p style=\"text-align: center;\"><em><span class=\"VIiyi\" lang=\"en\"><strong><span class=\"JLqJ4b ChMk0b\"><span class=\"Q4iAWc\">Presentation of the photos to the jury.<\/span><\/span><\/strong><\/span><\/em><\/p>\n<p><em><span class=\"VIiyi\" lang=\"en\"><span class=\"JLqJ4b ChMk0b\"><span class=\"Q4iAWc\">Before arriving in the judging room and being presented to the jury, the photos are mixed in each category, then the images are broken down into 3 separate piles and then distributed to each judge.<\/span><\/span>\u00a0<span class=\"JLqJ4b ChMk0b\"><span class=\"Q4iAWc\">The jury is composed of 3 judges (judge1, judge2, and judge3).<\/span><\/span><\/span><\/em><\/p>\n<p style=\"text-align: center;\"><em><strong><span class=\"VIiyi\" lang=\"en\"><span class=\"JLqJ4b ChMk0b\"><span class=\"Q4iAWc\">The jugement<\/span><\/span><\/span><\/strong><\/em><\/p>\n<p><em><span class=\"VIiyi\" lang=\"en\"><span class=\"JLqJ4b ChMk0b\"><span class=\"Q4iAWc\">A first analysis is carried out, the judge will divide the photos into 3 piles to obtain trends.<\/span><\/span>\u00a0<span class=\"JLqJ4b ChMk0b\"><span class=\"Q4iAWc\">A first pile for the low level photos (serious errors when shooting, printing, etc.), a second pile for the photos of a satisfactory level (ratings that will turn roughly between 9 and 12 or 13\/20) then a<\/span><\/span>\u00a0<span class=\"JLqJ4b ChMk0b\"><span class=\"Q4iAWc\">third pile for photos of good, even very good level (score &gt;13 or 15\/20).<\/span><\/span>\u00a0<span class=\"JLqJ4b ChMk0b\"><span class=\"Q4iAWc\">This will allow you to make a pre-selection.<\/span><\/span>\u00a0<span class=\"JLqJ4b ChMk0b\"><span class=\"Q4iAWc\">The judge can reposition certain photos.<\/span><\/span><\/span><\/em><\/p>\n<p><em><span class=\"VIiyi\" lang=\"en\"><span class=\"JLqJ4b ChMk0b\"><span class=\"Q4iAWc\">Secondly,<\/span><\/span><\/span><span class=\"VIiyi\" lang=\"en\"><span class=\"JLqJ4b ChMk0b\"><span class=\"Q4iAWc\">the judge will break down the images opposite the labels on the table corresponding to the score out of 20 that he wishes to assign.<\/span><\/span><\/span><\/em><\/p>\n<p><em><span class=\"VIiyi\" lang=\"en\"><span class=\"JLqJ4b ChMk0b\"><span class=\"Q4iAWc\">Once the judgment is finished, the judge informs the assistant, to carry out the entry of the notes at the back of all the photos.<\/span><\/span>\u00a0<span class=\"JLqJ4b ChMk0b\"><span class=\"Q4iAWc\">The assistant will then re-mix the images to send them to the next judge.<\/span><\/span>\u00a0<span class=\"JLqJ4b ChMk0b\"><span class=\"Q4iAWc\">After 3 rotations, each image will obtain three marks out of 20, the sum of the marks will give a mark out of 60, which will determine the general classification.<\/span><\/span><\/span><\/em><\/p>\n<p style=\"text-align: center;\"><em><strong><span class=\"VIiyi\" lang=\"en\"><span class=\"JLqJ4b ChMk0b\"><span class=\"Q4iAWc\">The favorite of the judges.<\/span><\/span><\/span><\/strong><\/em><\/p>\n<p><em><span class=\"VIiyi\" lang=\"en\"><span class=\"JLqJ4b ChMk0b\"><span class=\"Q4iAWc\">When the judgment is over, the 3 judges have the possibility of giving one or more favourites.<\/span><\/span>\u00a0<span class=\"JLqJ4b ChMk0b\"><span class=\"Q4iAWc\">A photo to which the judge gave a very good mark, or the opportunity to award a photo on which the judge flashed, to encourage one or more authors.<\/span><\/span><\/span><\/em><\/p>\n\n\n<hr class=\"wp-block-separator has-alpha-channel-opacity\"\/>\n\n\n<p style=\"text-align: center;\"><strong>Le Jugement et le relev\u00e9 de notes.<\/strong><\/p>\n<p style=\"text-align: center;\"><em><span class=\"VIiyi\" lang=\"en\"><span class=\"JLqJ4b ChMk0b\"><span class=\"Q4iAWc\">Judgment and transcript.<\/span><\/span><\/span><\/em><\/p>\n<p>\u00a0<\/p>\n\n\n<figure class=\"wp-block-image size-large\"><img decoding=\"async\" src=\"https:\/\/image.over-blog.com\/yQNwLajQUrOIerPS9caWdexaScQ=\/filters:no_upscale()\/image%2F3097761%2F20220309%2Fob_0bd419_dsc7491-en-tant-qu-objet-dynamique.jpg\" alt=\"\"\/><\/figure>\n\n\n\n<figure class=\"wp-block-image size-large\"><img decoding=\"async\" src=\"https:\/\/image.over-blog.com\/lZkPymO7EATbJ6j49gpQjtMu3S0=\/filters:no_upscale()\/image%2F3097761%2F20220309%2Fob_977882_dsc7448-en-tant-qu-objet-dynamique.jpg\" alt=\"\"\/><\/figure>\n\n\n\n<figure class=\"wp-block-image size-large\"><img decoding=\"async\" src=\"https:\/\/image.over-blog.com\/5pHDBKU5u-pyIe1l9MlpxM3GFV8=\/filters:no_upscale()\/image%2F3097761%2F20220309%2Fob_68b8d6_dsc7452-en-tant-qu-objet-dynamique.jpg\" alt=\"\"\/><\/figure>\n\n\n\n<figure class=\"wp-block-image size-large\"><img decoding=\"async\" src=\"https:\/\/image.over-blog.com\/lTlzqD7GzIRreHCmwhAS2TaeiaI=\/filters:no_upscale()\/image%2F3097761%2F20220309%2Fob_a858ae_dsc7453-en-tant-qu-objet-dynamique.jpg\" alt=\"\"\/><\/figure>\n\n\n\n<figure class=\"wp-block-image size-large\"><img decoding=\"async\" src=\"https:\/\/image.over-blog.com\/eEuZFjqvsb4laQH7jqoAadMBORk=\/filters:no_upscale()\/image%2F3097761%2F20220309%2Fob_caffae_dsc7454-en-tant-qu-objet-dynamique.jpg\" alt=\"\"\/><\/figure>\n\n\n\n<figure class=\"wp-block-image size-large\"><img decoding=\"async\" src=\"https:\/\/image.over-blog.com\/vRND_sEAxP_se4qIbct7cS0D4w4=\/filters:no_upscale()\/image%2F3097761%2F20220309%2Fob_39792c_dsc7455-en-tant-qu-objet-dynamique.jpg\" alt=\"\"\/><\/figure>\n\n\n\n<figure class=\"wp-block-image size-large\"><img decoding=\"async\" src=\"https:\/\/image.over-blog.com\/wYemtLkeSrEO_YVpEi79JDe1LOw=\/filters:no_upscale()\/image%2F3097761%2F20220309%2Fob_c5f8eb_dsc7456-en-tant-qu-objet-dynamique.jpg\" alt=\"\"\/><\/figure>\n\n\n\n<figure class=\"wp-block-image size-large\"><img decoding=\"async\" src=\"https:\/\/image.over-blog.com\/styWmG0cLRecvp7hrjAVzBWbqfM=\/filters:no_upscale()\/image%2F3097761%2F20220309%2Fob_86aa15_dsc7458-en-tant-qu-objet-dynamique.jpg\" alt=\"\"\/><\/figure>\n\n\n\n<figure class=\"wp-block-image size-large\"><img decoding=\"async\" src=\"https:\/\/image.over-blog.com\/8_LPX4ZkkKNe1NTOKu7m3FtD02s=\/filters:no_upscale()\/image%2F3097761%2F20220309%2Fob_30c840_dsc7459-en-tant-qu-objet-dynamique.jpg\" alt=\"\"\/><\/figure>\n\n\n\n<figure class=\"wp-block-image size-large\"><img decoding=\"async\" src=\"https:\/\/image.over-blog.com\/YXEqlStQnPFWDNcCzzibNrGmI7Y=\/filters:no_upscale()\/image%2F3097761%2F20220309%2Fob_c728f9_dsc7460-en-tant-qu-objet-dynamique.jpg\" alt=\"\"\/><\/figure>\n\n\n\n<figure class=\"wp-block-image size-large\"><img decoding=\"async\" src=\"https:\/\/image.over-blog.com\/oP9qJI59O8jvBvSrT_jXCTWsIfA=\/filters:no_upscale()\/image%2F3097761%2F20220309%2Fob_76eaa9_dsc7461-en-tant-qu-objet-dynamique.jpg\" alt=\"\"\/><\/figure>\n\n\n\n<figure class=\"wp-block-image size-large\"><img decoding=\"async\" src=\"https:\/\/image.over-blog.com\/W20HgWl2ayxHQpz-qqogTfuzEx8=\/filters:no_upscale()\/image%2F3097761%2F20220309%2Fob_f25688_dsc7462-en-tant-qu-objet-dynamique.jpg\" alt=\"\"\/><\/figure>\n\n\n\n<figure class=\"wp-block-image size-large\"><img decoding=\"async\" src=\"https:\/\/image.over-blog.com\/J6Ljhxgz8IlUGDQCx0POZRsxGkg=\/filters:no_upscale()\/image%2F3097761%2F20220309%2Fob_04c455_dsc7463-en-tant-qu-objet-dynamique.jpg\" alt=\"\"\/><\/figure>\n\n\n\n<figure class=\"wp-block-image size-large\"><img decoding=\"async\" src=\"https:\/\/image.over-blog.com\/D9AEKjJYp30H0bo56bqueLfmjJA=\/filters:no_upscale()\/image%2F3097761%2F20220309%2Fob_be05b6_dsc01103.JPG\" alt=\"\"\/><\/figure>\n\n\n\n<figure class=\"wp-block-image size-large\"><img decoding=\"async\" src=\"https:\/\/image.over-blog.com\/DpwqKNx75zcd1y0_rCrOm6GdsfI=\/filters:no_upscale()\/image%2F3097761%2F20220309%2Fob_f45166_dsc01104-en-tant-qu-objet-dynamique.jpg\" alt=\"\"\/><\/figure>\n\n\n\n<figure class=\"wp-block-image size-large\"><img decoding=\"async\" src=\"https:\/\/image.over-blog.com\/FlkxY8I9jlesk58Jdn4GNlNH9Uo=\/filters:no_upscale()\/image%2F3097761%2F20220309%2Fob_a72823_dsc01106-en-tant-qu-objet-dynamique.jpg\" alt=\"\"\/><\/figure>\n\n\n\n<figure class=\"wp-block-image size-large\"><img decoding=\"async\" src=\"https:\/\/image.over-blog.com\/9GRsicMNWac9707hg9us4dmurII=\/filters:no_upscale()\/image%2F3097761%2F20220309%2Fob_54674a_dsc01107-en-tant-qu-objet-dynamique.jpg\" alt=\"\"\/><\/figure>\n\n\n\n<figure class=\"wp-block-image size-large\"><img decoding=\"async\" src=\"https:\/\/image.over-blog.com\/SMJSn-tzJTyVMA6_4yS7fAgeYZc=\/filters:no_upscale()\/image%2F3097761%2F20220309%2Fob_1f682f_dsc7464-en-tant-qu-objet-dynamique.jpg\" alt=\"\"\/><\/figure>\n\n\n\n<figure class=\"wp-block-image size-large\"><img decoding=\"async\" src=\"https:\/\/image.over-blog.com\/sp1yA2veogXaAdqT-7HQErhXB9M=\/filters:no_upscale()\/image%2F3097761%2F20220309%2Fob_d3fbd7_dsc7468-en-tant-qu-objet-dynamique.jpg\" alt=\"\"\/><\/figure>\n\n\n\n<figure class=\"wp-block-image size-large\"><img decoding=\"async\" src=\"https:\/\/image.over-blog.com\/K9tgRSXunIAVxjDJC9vK64PSJek=\/filters:no_upscale()\/image%2F3097761%2F20220309%2Fob_7bc08e_dsc7469-en-tant-qu-objet-dynamique.jpg\" alt=\"\"\/><\/figure>\n\n\n\n<figure class=\"wp-block-image size-large\"><img decoding=\"async\" src=\"https:\/\/image.over-blog.com\/6undVTvSrFPt0vGbo8UMJhmoj4k=\/filters:no_upscale()\/image%2F3097761%2F20220309%2Fob_c6160c_dsc7477-en-tant-qu-objet-dynamique.jpg\" alt=\"\"\/><\/figure>\n\n\n\n<figure class=\"wp-block-image size-large\"><img decoding=\"async\" src=\"https:\/\/image.over-blog.com\/p07kPl0DxGjBay8lKXUZmC5XvnQ=\/filters:no_upscale()\/image%2F3097761%2F20220309%2Fob_2d6859_dsc7478-en-tant-qu-objet-dynamique.jpg\" alt=\"\"\/><\/figure>\n\n\n\n<figure class=\"wp-block-image size-large\"><img decoding=\"async\" src=\"https:\/\/image.over-blog.com\/5q8TtxUJV42ghr6iA0UipHV3yYI=\/filters:no_upscale()\/image%2F3097761%2F20220309%2Fob_1ebdd9_dsc7479-en-tant-qu-objet-dynamique.jpg\" alt=\"\"\/><\/figure>\n\n\n\n<figure class=\"wp-block-image size-large\"><img decoding=\"async\" src=\"https:\/\/image.over-blog.com\/0DFErJzILayjY-uo27tMw9roUB0=\/filters:no_upscale()\/image%2F3097761%2F20220309%2Fob_23640f_dsc7480-en-tant-qu-objet-dynamique.jpg\" alt=\"\"\/><\/figure>\n\n\n\n<figure class=\"wp-block-image size-large\"><img decoding=\"async\" src=\"https:\/\/image.over-blog.com\/ZOYpZAidumxTyAzHmTQfrdzd0b0=\/filters:no_upscale()\/image%2F3097761%2F20220309%2Fob_15b315_dsc7497-en-tant-qu-objet-dynamique.jpg\" alt=\"\"\/><\/figure>\n\n\n\n<figure class=\"wp-block-image size-large\"><img decoding=\"async\" src=\"https:\/\/image.over-blog.com\/CO3d5GP8txP30inZOjp_kKejqp4=\/filters:no_upscale()\/image%2F3097761%2F20220309%2Fob_3baff4_dsc7498-en-tant-qu-objet-dynamique.jpg\" alt=\"\"\/><\/figure>\n\n\n\n<figure class=\"wp-block-image size-large\"><img decoding=\"async\" src=\"https:\/\/image.over-blog.com\/Il-MF5pSMkFWyHfs6QFEQsJcxsI=\/filters:no_upscale()\/image%2F3097761%2F20220309%2Fob_422a15_dsc7499-en-tant-qu-objet-dynamique.jpg\" alt=\"\"\/><\/figure>\n\n\n\n<hr class=\"wp-block-separator has-alpha-channel-opacity\"\/>\n\n\n<p style=\"text-align: center;\"><strong>Le coup de c\u0153ur des juges.<\/strong><\/p>\n\n<p style=\"text-align: center;\"><em><span class=\"VIiyi\" lang=\"en\"><span class=\"JLqJ4b ChMk0b\"><span class=\"Q4iAWc\">The favorite of the judges.<\/span><\/span><\/span><\/em><\/p>\n\n\n<figure class=\"wp-block-image size-large\"><img decoding=\"async\" src=\"https:\/\/image.over-blog.com\/nMunEJwUQqdvG_9_nDG3qrZHlBA=\/filters:no_upscale()\/image%2F3097761%2F20220314%2Fob_e307cc_dsc7484.JPG\" alt=\"\"\/><\/figure>\n\n\n\n<figure class=\"wp-block-image size-large\"><img decoding=\"async\" src=\"https:\/\/image.over-blog.com\/EnXw_LjXywbWK4iBBgoNAuwKM_g=\/filters:no_upscale()\/image%2F3097761%2F20220314%2Fob_7fb91e_dsc7486.JPG\" alt=\"\"\/><\/figure>\n\n\n<p style=\"text-align: center;\"><strong>Apr\u00e8s l&rsquo;effort le r\u00e9confort.<\/strong><\/p>\n<p style=\"text-align: center;\"><strong>\u2026<\/strong><\/p>\n<p style=\"text-align: center;\"><em><span class=\"VIiyi\" lang=\"en\"><span class=\"JLqJ4b ChMk0b\"><span class=\"Q4iAWc\">After the effort the comfort.<\/span><\/span><\/span><\/em><\/p>\n\n\n<figure class=\"wp-block-image size-large\"><img decoding=\"async\" src=\"https:\/\/image.over-blog.com\/I_2t9asscC2hns4u357Aoc9Xw4E=\/filters:no_upscale()\/image%2F3097761%2F20220309%2Fob_67790a_dsc7500-en-tant-qu-objet-dynamique.jpg\" alt=\"\"\/><\/figure>\n\n\n\n<figure class=\"wp-block-image size-large\"><img decoding=\"async\" src=\"https:\/\/image.over-blog.com\/0f6FJri5NiegW0L0HxEZipg7hII=\/filters:no_upscale()\/image%2F3097761%2F20220309%2Fob_2eb91c_dsc7501-en-tant-qu-objet-dynamique.jpg\" alt=\"\"\/><\/figure>\n\n\n\n<figure class=\"wp-block-image size-large\"><img decoding=\"async\" src=\"https:\/\/image.over-blog.com\/gcfisGPO6EH5OAc4nfH8Ow4cnD4=\/filters:no_upscale()\/image%2F3097761%2F20220309%2Fob_5c947e_dsc7502-en-tant-qu-objet-dynamique.jpg\" alt=\"\"\/><\/figure>\n\n\n\n<figure class=\"wp-block-image size-large\"><img decoding=\"async\" src=\"https:\/\/image.over-blog.com\/qyxFPQkonSU2nzzDyFty0oDPNLg=\/filters:no_upscale()\/image%2F3097761%2F20220309%2Fob_8fd351_dsc7503-en-tant-qu-objet-dynamique.jpg\" alt=\"\"\/><\/figure>\n\n\n\n<figure class=\"wp-block-image size-large\"><img decoding=\"async\" src=\"https:\/\/image.over-blog.com\/SZ6Lfs-HDpeubeqC6H8dlxQljVE=\/filters:no_upscale()\/image%2F3097761%2F20220309%2Fob_5ccdef_dsc7504-en-tant-qu-objet-dynamique.jpg\" alt=\"\"\/><\/figure>\n\n\n\n<figure class=\"wp-block-image size-large\"><img decoding=\"async\" src=\"https:\/\/image.over-blog.com\/WZMgG_ufUhsiq5CK-kHNoY36rK8=\/filters:no_upscale()\/image%2F3097761%2F20220309%2Fob_edc012_dsc7507-en-tant-qu-objet-dynamique.jpg\" alt=\"\"\/><\/figure>\n\n\n\n<figure class=\"wp-block-image size-large\"><img decoding=\"async\" src=\"https:\/\/image.over-blog.com\/JkxGw8mZpGm7EQpgI1GuuR_-a50=\/filters:no_upscale()\/image%2F3097761%2F20220309%2Fob_ef3c8c_dsc7508-en-tant-qu-objet-dynamique.jpg\" alt=\"\"\/><\/figure>\n\n\n<p>Merci pour le bel engagement de chacune et de chacun d&rsquo;entre vous tout au long de ce week-end.\u00a0\u00a0<\/p>\n<p>Par vous le club s&rsquo;est confirm\u00e9 comme un organisateur fiable, associant s\u00e9rieux et responsabilit\u00e9 \u00e0 un sens de l&rsquo;accueil et de la convivialit\u00e9.<\/p>\n<p>Nos six juges ont exprim\u00e9 la plus grande satisfaction m\u00eal\u00e9e \u00e0 un vif plaisir.<\/p>\n<p>Tr\u00e8s cordialement<\/p>\n<p>Marc<\/p>\n<p style=\"text-align: center;\"><strong>\u2026<\/strong><\/p>\n<p><em>Thank you for the great commitment of each and every one of you throughout this weekend.<\/em><\/p>\n<p><em>Through you, the club has confirmed itself as a reliable organizer, combining seriousness and responsibility with a sense of welcome and friendliness.<\/em><\/p>\n<p><em>Our six judges expressed the greatest satisfaction mixed with great pleasure.<\/em><\/p>\n<p><em>Sincerely<\/em><\/p>\n<p><em>Marc<\/em><\/p>\n\n\n<hr class=\"wp-block-separator has-alpha-channel-opacity\"\/>\n","protected":false},"excerpt":{"rendered":"<p>20e SALON INTERNATIONAL DE LA PHOTOGRAPHIE DE MAYET 20th PHOTOGRAPHIC INTERNATIONAL EXHIBITIONorganis\u00e9 par le Photo Vid\u00e9o Club Georges M\u00e9li\u00e8s sous les patronages dela F\u00e9d\u00e9ration Internationale de l\u2019Art Photographique (2022\/123)Photographic Society of America (2022-68)la F\u00e9d\u00e9ration Photographique de France (2022-05)Image Sans Fronti\u00e8re (13\/2022) avec les concours du Conseil D\u00e9partemental de la Sarthe, de la Communaut\u00e9 de Communes &hellip; <\/p>\n<p class=\"link-more\"><a href=\"https:\/\/photovideoclubmayet72.com\/index.php\/2022\/09\/23\/20eme-salon-international-de-la-photographie-de-mayet-2022\/\" class=\"more-link\">Continuer la lecture<span class=\"screen-reader-text\"> de &laquo;&nbsp;20\u00e8me Salon International de la Photographie de Mayet &#8211; 2022&nbsp;&raquo;<\/span><\/a><\/p>\n","protected":false},"author":1,"featured_media":0,"comment_status":"closed","ping_status":"open","sticky":false,"template":"","format":"standard","meta":{"footnotes":""},"categories":[22],"tags":[],"class_list":["post-1015","post","type-post","status-publish","format-standard","hentry","category-salons-internationaux-de-la-photographie-de-mayet"],"_links":{"self":[{"href":"https:\/\/photovideoclubmayet72.com\/index.php\/wp-json\/wp\/v2\/posts\/1015","targetHints":{"allow":["GET"]}}],"collection":[{"href":"https:\/\/photovideoclubmayet72.com\/index.php\/wp-json\/wp\/v2\/posts"}],"about":[{"href":"https:\/\/photovideoclubmayet72.com\/index.php\/wp-json\/wp\/v2\/types\/post"}],"author":[{"embeddable":true,"href":"https:\/\/photovideoclubmayet72.com\/index.php\/wp-json\/wp\/v2\/users\/1"}],"replies":[{"embeddable":true,"href":"https:\/\/photovideoclubmayet72.com\/index.php\/wp-json\/wp\/v2\/comments?post=1015"}],"version-history":[{"count":3,"href":"https:\/\/photovideoclubmayet72.com\/index.php\/wp-json\/wp\/v2\/posts\/1015\/revisions"}],"predecessor-version":[{"id":1020,"href":"https:\/\/photovideoclubmayet72.com\/index.php\/wp-json\/wp\/v2\/posts\/1015\/revisions\/1020"}],"wp:attachment":[{"href":"https:\/\/photovideoclubmayet72.com\/index.php\/wp-json\/wp\/v2\/media?parent=1015"}],"wp:term":[{"taxonomy":"category","embeddable":true,"href":"https:\/\/photovideoclubmayet72.com\/index.php\/wp-json\/wp\/v2\/categories?post=1015"},{"taxonomy":"post_tag","embeddable":true,"href":"https:\/\/photovideoclubmayet72.com\/index.php\/wp-json\/wp\/v2\/tags?post=1015"}],"curies":[{"name":"wp","href":"https:\/\/api.w.org\/{rel}","templated":true}]}}