{"id":1,"date":"2023-11-29T09:37:12","date_gmt":"2023-11-29T08:37:12","guid":{"rendered":"http:\/\/photovideoclubmayet72.com\/?p=1"},"modified":"2024-03-14T12:32:39","modified_gmt":"2024-03-14T11:32:39","slug":"bonjour-tout-le-monde","status":"publish","type":"post","link":"https:\/\/photovideoclubmayet72.com\/index.php\/2023\/11\/29\/bonjour-tout-le-monde\/","title":{"rendered":"Bonjour et bienvenue sur notre site."},"content":{"rendered":"\n<p>LE PHOTO VID\u00c9O CLUB GEORGES M\u00c9LI\u00c8S DE MAYET EST UNE ASSOCIATION \u00ab LOI 1901 \u00bb SANS BUT LUCRATIF QUI TIRE SES RESSOURCES D\u2019UNE SUBVENTION DE LA VILLE DE MAYET ET DES COTISATIONS DE SES MEMBRES. IL REGROUPE AUJOURD\u2019HUI UNE CINQUANTAINE DE MEMBRES. \u2022 LE CLUB FAIT PARTIE DE LA F\u00c9D\u00c9RATION PHOTOGRAPHIQUE DE FRANCE (QUI REGROUPE ENVIRON 500 ASSOCIATIONS PHOTOGRAPHIQUE) ET SA DIVISION R\u00c9GIONALE EST L\u2019U.R 06 PAYS-DE-LA-LOIRE. \u2022 LA COTISATION AU CLUB EST FIX\u00c9E \u00c0 45 \u20ac PAR AN. A CELLE-CI S\u2019AJOUTE, POUR CEUX QUI D\u00c9SIRENT PROFITER DES AVANTAGES OFFERT PAR LA F.P.F ET PARTICIPER AUX CONCOURS, LA COTISATION F\u00c9D\u00c9RALE DE 40 \u20ac, L\u2019ABONNEMENT AU MAGASINE FRANCE PHOTOGRAPHIE, \u00c9DIT\u00c9 PAR LA F.P.F, EST DE 22 \u20ac POUR LES ADH\u00c9RENTS.<\/p>\n\n\n\n<p>PR\u00c9SIDENT : MARC BLACH\u00c8RE<\/p>\n\n\n\n<p>SECR\u00c9TAIRE G\u00c9N\u00c9RAL : JEAN VENEAU<\/p>\n\n\n\n<p>TR\u00c9SORIER : GILLES PERRIN<\/p>\n\n\n\n<p><mark style=\"background-color:rgba(0, 0, 0, 0)\" class=\"has-inline-color has-luminous-vivid-orange-color\">LOCAUX. CENTRE CULTUREL ESPACE LICHTENAU BP 30021 PLACE DE L\u2019H\u00d4TEL DE VILLE 72360<\/mark><\/p>\n\n\n\n<p>MAYET \u2022 T\u00c9L : <mark style=\"background-color:rgba(0, 0, 0, 0)\" class=\"has-inline-color has-luminous-vivid-orange-color\">06.80.73.06.34 \u2022<\/mark><\/p>\n\n\n\n<p>EMAIL : <mark style=\"background-color:rgba(0, 0, 0, 0)\" class=\"has-inline-color has-luminous-vivid-orange-color\">MACBLAC@ORANGE.FR<\/mark><\/p>\n\n\n\n<p class=\"has-small-font-size\">Ce petit guide s&rsquo;adresse&nbsp; \u00e0 ceux et celles qui franchissent pour la premi\u00e8re fois la porte du Photo Vid\u00e9o Club. Vous y trouverez les renseignements essentiels sur l&rsquo;organisation et fonctionnement du club photo.<\/p>\n\n\n\n<p class=\"has-small-font-size\">Au cours de ces s\u00e9ances, les membres \u00e9changent des informations, des conseils, pr\u00e9sentent et commentent leurs photos.<\/p>\n\n\n\n<p><strong>~~Activit\u00e9s du club :<\/strong><\/p>\n\n\n\n<ul class=\"wp-block-list\">\n<li class=\"has-small-font-size\">Photographies.<\/li>\n\n\n\n<li class=\"has-small-font-size\">Sorties photos pour parfaire la prise de vue.<\/li>\n\n\n\n<li class=\"has-small-font-size\">Analyse et impression des images.<\/li>\n\n\n\n<li class=\"has-small-font-size\">Travail de l&rsquo;image num\u00e9rique.<\/li>\n\n\n\n<li class=\"has-small-font-size\">Organisation du Salon international de la Photographie de Mayet.<\/li>\n\n\n\n<li class=\"has-small-font-size\">Pr\u00e9paration aux concours photographiques.<\/li>\n\n\n\n<li class=\"has-small-font-size\">Participation \u00e0 des expositions locales.<\/li>\n<\/ul>\n\n\n\n<p><strong>~~Vid\u00e9o :<\/strong><\/p>\n\n\n\n<p class=\"has-small-font-size\"><strong>\u00c9tude qualitatives des \u0153uvres d&rsquo;amateurs dans un registre vari\u00e9 :<\/strong><\/p>\n\n\n\n<ul class=\"wp-block-list\">\n<li>Reportages.&nbsp;<\/li>\n\n\n\n<li>Documentaires.<\/li>\n\n\n\n<li>Fictions.<\/li>\n\n\n\n<li>Films animaliers.<\/li>\n<\/ul>\n\n\n\n<p><strong><u><em>Soir\u00e9e annuelle en novembre du court-m\u00e9trage en pr\u00e9sence si possible des auteurs.<\/em><\/u><\/strong><\/p>\n\n\n\n<p><strong>~~Le club organise chaque ann\u00e9e un Salon International de la Photographie.<\/strong><\/p>\n\n\n\n<p><strong>Les comp\u00e9titions organis\u00e9es par la F.P.F.<\/strong><\/p>\n\n\n\n<p class=\"has-small-font-size\">Celles-ci comportent diff\u00e9rents niveaux. Cette rubrique est aliment\u00e9e directement avec les information du site des concours de la F.P.F.<\/p>\n\n\n\n<p><\/p>\n\n\n\n<p class=\"has-small-font-size\">Ces concours nous permettent de nous situer par rapport aux autres clubs et jouent un r\u00f4le de stimulant.<\/p>\n\n\n\n<p class=\"has-small-font-size\">&#8211; Les frais de participation \u00e0 ces concours sont couverts par le club. &nbsp; &nbsp; &nbsp;<\/p>\n\n\n\n<p><strong>~~Ressources et services.<\/strong><\/p>\n\n\n\n<p class=\"has-small-font-size\">Le club met \u00e0 votre disposition un labo num\u00e9rique o\u00f9 vous pourrez, avec participation aux frais, tirer vos photos sur une imprimante autorisant les formats A5 jusqu&rsquo;\u00e0 A2. Si vous avez besoin d&rsquo;aide un membre du club vous accompagnera. Dans le m\u00eame local se trouve \u00e9galement le mat\u00e9riel&nbsp; d&rsquo;encadrement : un appareil de d\u00e9coupe de Marie-Louise. Le club poss\u00e8de une petite biblioth\u00e8que de revues que vous pouvez emprunter. &nbsp;&nbsp;<\/p>\n\n\n\n<hr class=\"wp-block-separator has-alpha-channel-opacity\"\/>\n\n\n\n\n\n\n\n<hr class=\"wp-block-separator has-alpha-channel-opacity\"\/>\n","protected":false},"excerpt":{"rendered":"<p>LE PHOTO VID\u00c9O CLUB GEORGES M\u00c9LI\u00c8S DE MAYET EST UNE ASSOCIATION \u00ab LOI 1901 \u00bb SANS BUT LUCRATIF QUI TIRE SES RESSOURCES D\u2019UNE SUBVENTION DE LA VILLE DE MAYET ET DES COTISATIONS DE SES MEMBRES. IL REGROUPE AUJOURD\u2019HUI UNE CINQUANTAINE DE MEMBRES. \u2022 LE CLUB FAIT PARTIE DE LA F\u00c9D\u00c9RATION PHOTOGRAPHIQUE DE FRANCE (QUI REGROUPE &hellip; <\/p>\n<p class=\"link-more\"><a href=\"https:\/\/photovideoclubmayet72.com\/index.php\/2023\/11\/29\/bonjour-tout-le-monde\/\" class=\"more-link\">Continuer la lecture<span class=\"screen-reader-text\"> de &laquo;&nbsp;Bonjour et bienvenue sur notre site.&nbsp;&raquo;<\/span><\/a><\/p>\n","protected":false},"author":1,"featured_media":371,"comment_status":"open","ping_status":"open","sticky":false,"template":"","format":"standard","meta":{"footnotes":""},"categories":[2],"tags":[3],"class_list":["post-1","post","type-post","status-publish","format-standard","has-post-thumbnail","hentry","category-activites-du-photo-video-club-de-mayet","tag-activites-du-photo-video-club-de-mayet"],"_links":{"self":[{"href":"https:\/\/photovideoclubmayet72.com\/index.php\/wp-json\/wp\/v2\/posts\/1","targetHints":{"allow":["GET"]}}],"collection":[{"href":"https:\/\/photovideoclubmayet72.com\/index.php\/wp-json\/wp\/v2\/posts"}],"about":[{"href":"https:\/\/photovideoclubmayet72.com\/index.php\/wp-json\/wp\/v2\/types\/post"}],"author":[{"embeddable":true,"href":"https:\/\/photovideoclubmayet72.com\/index.php\/wp-json\/wp\/v2\/users\/1"}],"replies":[{"embeddable":true,"href":"https:\/\/photovideoclubmayet72.com\/index.php\/wp-json\/wp\/v2\/comments?post=1"}],"version-history":[{"count":16,"href":"https:\/\/photovideoclubmayet72.com\/index.php\/wp-json\/wp\/v2\/posts\/1\/revisions"}],"predecessor-version":[{"id":536,"href":"https:\/\/photovideoclubmayet72.com\/index.php\/wp-json\/wp\/v2\/posts\/1\/revisions\/536"}],"wp:featuredmedia":[{"embeddable":true,"href":"https:\/\/photovideoclubmayet72.com\/index.php\/wp-json\/wp\/v2\/media\/371"}],"wp:attachment":[{"href":"https:\/\/photovideoclubmayet72.com\/index.php\/wp-json\/wp\/v2\/media?parent=1"}],"wp:term":[{"taxonomy":"category","embeddable":true,"href":"https:\/\/photovideoclubmayet72.com\/index.php\/wp-json\/wp\/v2\/categories?post=1"},{"taxonomy":"post_tag","embeddable":true,"href":"https:\/\/photovideoclubmayet72.com\/index.php\/wp-json\/wp\/v2\/tags?post=1"}],"curies":[{"name":"wp","href":"https:\/\/api.w.org\/{rel}","templated":true}]}}